{"id":8297,"date":"2025-08-11T21:48:02","date_gmt":"2025-08-11T21:48:02","guid":{"rendered":"https:\/\/burkinaonline.net\/?p=8297"},"modified":"2025-08-11T21:48:02","modified_gmt":"2025-08-11T21:48:02","slug":"bilan-judiciaire-du-pole-specialise-dans-la-repression-des-actes-de-terrorisme-au-burkina-faso-un-engagement-ferme-contre-le-terrorisme","status":"publish","type":"post","link":"https:\/\/burkinaonline.net\/?p=8297","title":{"rendered":"Bilan judiciaire du P\u00f4le sp\u00e9cialis\u00e9 dans la r\u00e9pression des actes de terrorisme au Burkina Faso : un engagement ferme contre le terrorisme"},"content":{"rendered":"<p class=\"p1\">Le P\u00f4le judiciaire sp\u00e9cialis\u00e9 dans la r\u00e9pression des actes de terrorisme au Burkina Faso vient de clore sept sessions mensuelles couvrant la p\u00e9riode de janvier \u00e0 juillet 2025. Ce bilan r\u00e9v\u00e8le une activit\u00e9 judiciaire intense et d\u00e9termin\u00e9e, avec soixante-cinq dossiers trait\u00e9s impliquant cent-vingt-cinq pr\u00e9venus, preuve de la mobilisation continue des autorit\u00e9s judiciaires face \u00e0 la menace terroriste.<\/p>\n<p class=\"p1\"><span class=\"s1\">Des condamnations lourdes pour marquer la fermet\u00e9 de l\u2019\u00c9tat<\/span><\/p>\n<p class=\"p1\"><span class=\"s1\">Les d\u00e9cisions rendues traduisent la rigueur de la justice burkinab\u00e8 dans la lutte contre le terrorisme. Treize pr\u00e9venus ont \u00e9cop\u00e9 de la r\u00e9clusion criminelle \u00e0 perp\u00e9tuit\u00e9, soulignant la gravit\u00e9 des infractions jug\u00e9es. Soixante-trois autres ont \u00e9t\u00e9 condamn\u00e9s \u00e0 des peines de dix \u00e0 vingt-et-un ans d\u2019emprisonnement, assorties d\u2019amendes substantielles allant jusqu\u2019\u00e0 dix millions de francs CFA. D\u2019autres condamnations, bien que moins s\u00e9v\u00e8res, confirment la volont\u00e9 de sanctionner toutes les formes de complicit\u00e9 ou de participation au terrorisme, incluant une peine de trois ans d\u2019emprisonnement avec amende, ainsi qu\u2019une condamnation d\u2019un an assortie d\u2019une lourde amende.<\/span><\/p>\n<p class=\"p1\"><span class=\"s1\">Le montant total des amendes p\u00e9nales prononc\u00e9es s\u2019\u00e9l\u00e8ve \u00e0 184,5 millions de francs CFA. Par ailleurs, la confiscation de biens a \u00e9t\u00e9 ordonn\u00e9e dans certains dossiers, notamment en mati\u00e8re de financement du terrorisme, traduisant une approche globale et int\u00e9gr\u00e9e de la r\u00e9pression judiciaire.<\/span><\/p>\n<p class=\"p1\"><span class=\"s1\">Des dossiers embl\u00e9matiques sold\u00e9s<\/span><\/p>\n<p class=\"p1\"><span class=\"s1\">Le P\u00f4le judiciaire a \u00e9galement vid\u00e9 sa saisine relative \u00e0 des dossiers sensibles, notamment ceux des attaques terroristes du 2 mars 2018 visant l\u2019\u00c9tat-Major G\u00e9n\u00e9ral des Arm\u00e9es et l\u2019Ambassade de France, ainsi que l\u2019op\u00e9ration antiterroriste du 22 mai 2018 dans le quartier Rayongo. Six pr\u00e9venus ont \u00e9t\u00e9 condamn\u00e9s dans ces affaires, dont trois \u00e0 la perp\u00e9tuit\u00e9 et trois \u00e0 21 ans d\u2019emprisonnement. Ces verdicts illustrent la capacit\u00e9 de la justice \u00e0 traiter des affaires complexes et \u00e0 r\u00e9pondre aux attentes l\u00e9gitimes de la population en mati\u00e8re de s\u00e9curit\u00e9.<\/span><\/p>\n<p class=\"p1\"><span class=\"s1\">Appels et maintien en d\u00e9tention : rigueur proc\u00e9durale<\/span><\/p>\n<p class=\"p1\"><span class=\"s1\">Malgr\u00e9 ces avanc\u00e9es, le procureur du Faso souligne que plusieurs d\u00e9cisions, notamment des relaxes, font l\u2019objet d\u2019un appel devant la Chambre des appels correctionnels de la Cour d\u2019appel de Ouagadougou. Cette vigilance assure un second examen approfondi des dossiers, garantissant ainsi le respect des droits de la d\u00e9fense tout en maintenant la fermet\u00e9 face aux actes terroristes.<\/span><\/p>\n<p class=\"p1\"><span class=\"s1\">Conform\u00e9ment aux articles 316-3 et 321-92 du code de proc\u00e9dure p\u00e9nale, les pr\u00e9venus d\u00e9tenus pour actes de terrorisme ou financement de terrorisme sont maintenus en d\u00e9tention jusqu\u2019\u00e0 \u00e9puisement des voies de recours, garantissant ainsi la s\u00e9curit\u00e9 publique.<\/span><\/p>\n<p class=\"p1\"><span class=\"s1\">Remerciements et encouragements<\/span><\/p>\n<p class=\"p1\"><span class=\"s1\">Le procureur Lafama Prosper Thiombiano a tenu \u00e0 saluer l\u2019engagement des enqu\u00eateurs sp\u00e9cialis\u00e9s, du personnel judiciaire et de toutes les parties prenantes impliqu\u00e9es dans ce combat judiciaire. Il a \u00e9galement exprim\u00e9 sa gratitude au Minist\u00e8re de la Justice et des Droits Humains pour son accompagnement constant, soulignant l\u2019importance d\u2019un cadre institutionnel solide pour la tenue r\u00e9guli\u00e8re des sessions du P\u00f4le.<\/span><\/p>\n<p class=\"p1\"><span class=\"s1\">Conclusion<\/span><\/p>\n<p class=\"p1\"><span class=\"s1\">Ce bilan judiciaire illustre la d\u00e9termination du Burkina Faso \u00e0 combattre sans rel\u00e2che le terrorisme par des moyens judiciaires adapt\u00e9s et rigoureux. L\u2019action coordonn\u00e9e des acteurs judiciaires et s\u00e9curitaires contribue \u00e0 la protection de la nation et au r\u00e9tablissement de la s\u00e9curit\u00e9, \u00e9l\u00e9ments indispensables au d\u00e9veloppement du pays.<\/span><\/p>\n<p class=\"p1\"><span class=\"s2\">www.burkinaonline.net<\/span><\/p>\n","protected":false},"excerpt":{"rendered":"<p>Le P\u00f4le judiciaire sp\u00e9cialis\u00e9 dans la r\u00e9pression des actes de terrorisme au Burkina Faso vient&#8230;<\/p>\n","protected":false},"author":1,"featured_media":8298,"comment_status":"open","ping_status":"open","sticky":false,"template":"","format":"standard","meta":{"footnotes":""},"categories":[8,30,13,12],"tags":[],"class_list":["post-8297","post","type-post","status-publish","format-standard","has-post-thumbnail","hentry","category-post","category-aes","category-societe","category-terrorisme"],"_links":{"self":[{"href":"https:\/\/burkinaonline.net\/index.php?rest_route=\/wp\/v2\/posts\/8297","targetHints":{"allow":["GET"]}}],"collection":[{"href":"https:\/\/burkinaonline.net\/index.php?rest_route=\/wp\/v2\/posts"}],"about":[{"href":"https:\/\/burkinaonline.net\/index.php?rest_route=\/wp\/v2\/types\/post"}],"author":[{"embeddable":true,"href":"https:\/\/burkinaonline.net\/index.php?rest_route=\/wp\/v2\/users\/1"}],"replies":[{"embeddable":true,"href":"https:\/\/burkinaonline.net\/index.php?rest_route=%2Fwp%2Fv2%2Fcomments&post=8297"}],"version-history":[{"count":1,"href":"https:\/\/burkinaonline.net\/index.php?rest_route=\/wp\/v2\/posts\/8297\/revisions"}],"predecessor-version":[{"id":8299,"href":"https:\/\/burkinaonline.net\/index.php?rest_route=\/wp\/v2\/posts\/8297\/revisions\/8299"}],"wp:featuredmedia":[{"embeddable":true,"href":"https:\/\/burkinaonline.net\/index.php?rest_route=\/wp\/v2\/media\/8298"}],"wp:attachment":[{"href":"https:\/\/burkinaonline.net\/index.php?rest_route=%2Fwp%2Fv2%2Fmedia&parent=8297"}],"wp:term":[{"taxonomy":"category","embeddable":true,"href":"https:\/\/burkinaonline.net\/index.php?rest_route=%2Fwp%2Fv2%2Fcategories&post=8297"},{"taxonomy":"post_tag","embeddable":true,"href":"https:\/\/burkinaonline.net\/index.php?rest_route=%2Fwp%2Fv2%2Ftags&post=8297"}],"curies":[{"name":"wp","href":"https:\/\/api.w.org\/{rel}","templated":true}]}}