{"id":8302,"date":"2025-08-16T12:17:40","date_gmt":"2025-08-16T12:17:40","guid":{"rendered":"https:\/\/burkinaonline.net\/?p=8302"},"modified":"2025-08-16T12:17:56","modified_gmt":"2025-08-16T12:17:56","slug":"burkina-faso-une-usine-clandestine-de-production-de-sachets-plastiques-demantelee-a-ouagadougou","status":"publish","type":"post","link":"https:\/\/burkinaonline.net\/?p=8302","title":{"rendered":"Burkina Faso : une usine clandestine de production de sachets plastiques d\u00e9mantel\u00e9e \u00e0 Ouagadougou"},"content":{"rendered":"<p class=\"p1\"><span class=\"s1\">Le Parquet pr\u00e8s le Tribunal de Grande Instance de Ouaga I a annonc\u00e9, le 15 ao\u00fbt 2025, le d\u00e9mant\u00e8lement d\u2019une usine de production d\u2019emballages et de sachets plastiques situ\u00e9e dans la zone industrielle de Kossodo.<\/span><\/p>\n<p class=\"p1\"><span class=\"s1\">Selon le communiqu\u00e9, l\u2019usine appartenant \u00e0 la soci\u00e9t\u00e9 SO.BU.CH.PLAST SARL a \u00e9t\u00e9 prise en flagrant d\u00e9lit de production massive de plastiques non conformes, en violation de la loi n\u00b0045-2024\/ALT du 30 d\u00e9cembre 2024 interdisant la production, l\u2019importation, la commercialisation et la distribution de sachets plastiques au Burkina Faso.<\/span><\/p>\n<p class=\"p1\"><span class=\"s1\">Le directeur g\u00e9n\u00e9ral de la soci\u00e9t\u00e9, de nationalit\u00e9 chinoise, a \u00e9t\u00e9 interpell\u00e9 le 12 ao\u00fbt et d\u00e9f\u00e9r\u00e9 le 14 ao\u00fbt 2025. L\u2019entreprise a \u00e9t\u00e9 plac\u00e9e sous contr\u00f4le judiciaire d\u2019int\u00e9r\u00eat public. Elle devra payer 30 millions de FCFA d\u2019amende au Tr\u00e9sor public, en plus de la destruction des produits saisis et de la fermeture de l\u2019usine.<\/span><\/p>\n<p class=\"p1\"><span class=\"s1\">Le procureur rappelle que la production ill\u00e9gale de sachets plastiques est passible de six mois \u00e0 cinq ans de prison et d\u2019une amende allant de 5 millions \u00e0 100 millions de FCFA. Quant \u00e0 leur commercialisation et distribution, elles exposent leurs auteurs \u00e0 des peines allant de six mois \u00e0 trois ans de prison et d\u2019amendes de 5 \u00e0 50 millions de FCFA.<\/span><\/p>\n<p class=\"p1\"><span class=\"s1\">Le Parquet a f\u00e9licit\u00e9 la police environnementale pour sa vigilance et son professionnalisme dans la conduite de cette op\u00e9ration. Il a aussi invit\u00e9 la population \u00e0 signaler tout cas suspect de production, d\u2019importation ou de distribution d\u2019emballages plastiques, afin de lutter efficacement contre ce fl\u00e9au environnemental.<\/span><\/p>\n<p class=\"p1\"><span class=\"s1\">www.burkinaonline.net<\/span><\/p>\n<p><a href=\"http:\/\/burkinaonline.net\/wp-content\/uploads\/2025\/08\/IMG_8975.jpeg\"><img fetchpriority=\"high\" decoding=\"async\" class=\"alignnone size-medium wp-image-8304\" src=\"http:\/\/burkinaonline.net\/wp-content\/uploads\/2025\/08\/IMG_8975-215x300.jpeg\" alt=\"\" width=\"215\" height=\"300\" srcset=\"https:\/\/burkinaonline.net\/wp-content\/uploads\/2025\/08\/IMG_8975-215x300.jpeg 215w, https:\/\/burkinaonline.net\/wp-content\/uploads\/2025\/08\/IMG_8975-734x1024.jpeg 734w, https:\/\/burkinaonline.net\/wp-content\/uploads\/2025\/08\/IMG_8975-768x1071.jpeg 768w, https:\/\/burkinaonline.net\/wp-content\/uploads\/2025\/08\/IMG_8975-1024x1428.jpeg 1024w, https:\/\/burkinaonline.net\/wp-content\/uploads\/2025\/08\/IMG_8975.jpeg 1080w\" sizes=\"(max-width: 215px) 100vw, 215px\" \/><\/a> <a href=\"http:\/\/burkinaonline.net\/wp-content\/uploads\/2025\/08\/IMG_8976.jpeg\"><img decoding=\"async\" class=\"alignnone size-medium wp-image-8305\" src=\"http:\/\/burkinaonline.net\/wp-content\/uploads\/2025\/08\/IMG_8976-222x300.jpeg\" alt=\"\" width=\"222\" height=\"300\" srcset=\"https:\/\/burkinaonline.net\/wp-content\/uploads\/2025\/08\/IMG_8976-222x300.jpeg 222w, https:\/\/burkinaonline.net\/wp-content\/uploads\/2025\/08\/IMG_8976-756x1024.jpeg 756w, https:\/\/burkinaonline.net\/wp-content\/uploads\/2025\/08\/IMG_8976-768x1040.jpeg 768w, https:\/\/burkinaonline.net\/wp-content\/uploads\/2025\/08\/IMG_8976-1024x1386.jpeg 1024w, https:\/\/burkinaonline.net\/wp-content\/uploads\/2025\/08\/IMG_8976.jpeg 1080w\" sizes=\"(max-width: 222px) 100vw, 222px\" \/><\/a><\/p>\n","protected":false},"excerpt":{"rendered":"<p>Le Parquet pr\u00e8s le Tribunal de Grande Instance de Ouaga I a annonc\u00e9, le 15&#8230;<\/p>\n","protected":false},"author":1,"featured_media":8303,"comment_status":"open","ping_status":"open","sticky":false,"template":"","format":"standard","meta":{"footnotes":""},"categories":[8,10,13],"tags":[],"class_list":["post-8302","post","type-post","status-publish","format-standard","has-post-thumbnail","hentry","category-post","category-burkina-faso","category-societe"],"_links":{"self":[{"href":"https:\/\/burkinaonline.net\/index.php?rest_route=\/wp\/v2\/posts\/8302","targetHints":{"allow":["GET"]}}],"collection":[{"href":"https:\/\/burkinaonline.net\/index.php?rest_route=\/wp\/v2\/posts"}],"about":[{"href":"https:\/\/burkinaonline.net\/index.php?rest_route=\/wp\/v2\/types\/post"}],"author":[{"embeddable":true,"href":"https:\/\/burkinaonline.net\/index.php?rest_route=\/wp\/v2\/users\/1"}],"replies":[{"embeddable":true,"href":"https:\/\/burkinaonline.net\/index.php?rest_route=%2Fwp%2Fv2%2Fcomments&post=8302"}],"version-history":[{"count":1,"href":"https:\/\/burkinaonline.net\/index.php?rest_route=\/wp\/v2\/posts\/8302\/revisions"}],"predecessor-version":[{"id":8306,"href":"https:\/\/burkinaonline.net\/index.php?rest_route=\/wp\/v2\/posts\/8302\/revisions\/8306"}],"wp:featuredmedia":[{"embeddable":true,"href":"https:\/\/burkinaonline.net\/index.php?rest_route=\/wp\/v2\/media\/8303"}],"wp:attachment":[{"href":"https:\/\/burkinaonline.net\/index.php?rest_route=%2Fwp%2Fv2%2Fmedia&parent=8302"}],"wp:term":[{"taxonomy":"category","embeddable":true,"href":"https:\/\/burkinaonline.net\/index.php?rest_route=%2Fwp%2Fv2%2Fcategories&post=8302"},{"taxonomy":"post_tag","embeddable":true,"href":"https:\/\/burkinaonline.net\/index.php?rest_route=%2Fwp%2Fv2%2Ftags&post=8302"}],"curies":[{"name":"wp","href":"https:\/\/api.w.org\/{rel}","templated":true}]}}