{"id":8313,"date":"2025-08-16T19:17:14","date_gmt":"2025-08-16T19:17:14","guid":{"rendered":"https:\/\/burkinaonline.net\/?p=8313"},"modified":"2025-08-16T19:20:29","modified_gmt":"2025-08-16T19:20:29","slug":"burkina-faso-le-gouvernement-annonce-le-rapatriement-de-la-depouille-dalain-christophe-traore-alias-alino-faso","status":"publish","type":"post","link":"https:\/\/burkinaonline.net\/?p=8313","title":{"rendered":"Burkina Faso : Le Gouvernement annonce le rapatriement de la d\u00e9pouille d\u2019Alain Christophe Traor\u00e9 alias Alino Faso"},"content":{"rendered":"<p class=\"p1\">Ouagadougou, 16 ao\u00fbt 2025 \u2013 Le Gouvernement burkinab\u00e8 a confirm\u00e9, \u00e0 travers un communiqu\u00e9 officiel de la Primature, le rapatriement de la d\u00e9pouille mortelle d\u2019Alain Christophe Traor\u00e9, plus connu sous le nom d\u2019Alino Faso, figure engag\u00e9e et respect\u00e9e de la soci\u00e9t\u00e9 civile.<\/p>\n<p class=\"p1\"><span class=\"s1\">Selon le communiqu\u00e9, l\u2019arriv\u00e9e de la d\u00e9pouille est pr\u00e9vue pour le lundi 18 ao\u00fbt 2025, \u00e0 14h25, \u00e0 l\u2019A\u00e9roport international de Ouagadougou. Cette op\u00e9ration intervient \u00e0 l\u2019issue de \u201cmultiples d\u00e9marches\u201d men\u00e9es en concertation avec la famille Traor\u00e9, afin de permettre au d\u00e9funt de b\u00e9n\u00e9ficier d\u2019obs\u00e8ques \u201cdignes et honorables\u201d.<\/span><\/p>\n<p class=\"p1\"><span class=\"s1\">Le Gouvernement a tenu \u00e0 r\u00e9affirmer son engagement \u00e0 prendre toutes les dispositions n\u00e9cessaires pour que la lumi\u00e8re soit faite sur la \u201cdisparition suspecte\u201d d\u2019Alino Faso. Le communiqu\u00e9 insiste sur la volont\u00e9 des autorit\u00e9s de garantir la poursuite judiciaire de l\u2019affaire, tout en rendant hommage \u00e0 l\u2019\u201cengagement patriotique et ind\u00e9l\u00e9bile\u201d du d\u00e9funt en faveur des causes sociales.<\/span><\/p>\n<p class=\"p1\"><span class=\"s1\">Enfin, le Gouvernement a invit\u00e9 la population burkinab\u00e8 \u00e0 rester mobilis\u00e9e et unie pour \u201cla manifestation de la v\u00e9rit\u00e9\u201d dans ce dossier sensible.<\/span><\/p>\n<p class=\"p1\"><span class=\"s1\">Le communiqu\u00e9 est sign\u00e9 par le porte-parole du Gouvernement, Pingdwend\u00e9 Gilbert Ou\u00e9draogo, Chevalier de l\u2019Ordre de l\u2019\u00c9talon.<\/span><\/p>\n<p>www.burkinaonline.net<\/p>\n<p><a href=\"http:\/\/burkinaonline.net\/wp-content\/uploads\/2025\/08\/c160e320-7cde-42bd-84ca-431f59cdc537.jpeg\"><img fetchpriority=\"high\" decoding=\"async\" class=\"alignnone size-medium wp-image-8316\" src=\"http:\/\/burkinaonline.net\/wp-content\/uploads\/2025\/08\/c160e320-7cde-42bd-84ca-431f59cdc537-216x300.jpeg\" alt=\"\" width=\"216\" height=\"300\" srcset=\"https:\/\/burkinaonline.net\/wp-content\/uploads\/2025\/08\/c160e320-7cde-42bd-84ca-431f59cdc537-216x300.jpeg 216w, https:\/\/burkinaonline.net\/wp-content\/uploads\/2025\/08\/c160e320-7cde-42bd-84ca-431f59cdc537-738x1024.jpeg 738w, https:\/\/burkinaonline.net\/wp-content\/uploads\/2025\/08\/c160e320-7cde-42bd-84ca-431f59cdc537-768x1066.jpeg 768w, https:\/\/burkinaonline.net\/wp-content\/uploads\/2025\/08\/c160e320-7cde-42bd-84ca-431f59cdc537-1024x1421.jpeg 1024w, https:\/\/burkinaonline.net\/wp-content\/uploads\/2025\/08\/c160e320-7cde-42bd-84ca-431f59cdc537.jpeg 1080w\" sizes=\"(max-width: 216px) 100vw, 216px\" \/><\/a><\/p>\n","protected":false},"excerpt":{"rendered":"<p>Ouagadougou, 16 ao\u00fbt 2025 \u2013 Le Gouvernement burkinab\u00e8 a confirm\u00e9, \u00e0 travers un communiqu\u00e9 officiel&#8230;<\/p>\n","protected":false},"author":1,"featured_media":8314,"comment_status":"open","ping_status":"open","sticky":false,"template":"","format":"standard","meta":{"footnotes":""},"categories":[8,10,13],"tags":[],"class_list":["post-8313","post","type-post","status-publish","format-standard","has-post-thumbnail","hentry","category-post","category-burkina-faso","category-societe"],"_links":{"self":[{"href":"https:\/\/burkinaonline.net\/index.php?rest_route=\/wp\/v2\/posts\/8313","targetHints":{"allow":["GET"]}}],"collection":[{"href":"https:\/\/burkinaonline.net\/index.php?rest_route=\/wp\/v2\/posts"}],"about":[{"href":"https:\/\/burkinaonline.net\/index.php?rest_route=\/wp\/v2\/types\/post"}],"author":[{"embeddable":true,"href":"https:\/\/burkinaonline.net\/index.php?rest_route=\/wp\/v2\/users\/1"}],"replies":[{"embeddable":true,"href":"https:\/\/burkinaonline.net\/index.php?rest_route=%2Fwp%2Fv2%2Fcomments&post=8313"}],"version-history":[{"count":2,"href":"https:\/\/burkinaonline.net\/index.php?rest_route=\/wp\/v2\/posts\/8313\/revisions"}],"predecessor-version":[{"id":8317,"href":"https:\/\/burkinaonline.net\/index.php?rest_route=\/wp\/v2\/posts\/8313\/revisions\/8317"}],"wp:featuredmedia":[{"embeddable":true,"href":"https:\/\/burkinaonline.net\/index.php?rest_route=\/wp\/v2\/media\/8314"}],"wp:attachment":[{"href":"https:\/\/burkinaonline.net\/index.php?rest_route=%2Fwp%2Fv2%2Fmedia&parent=8313"}],"wp:term":[{"taxonomy":"category","embeddable":true,"href":"https:\/\/burkinaonline.net\/index.php?rest_route=%2Fwp%2Fv2%2Fcategories&post=8313"},{"taxonomy":"post_tag","embeddable":true,"href":"https:\/\/burkinaonline.net\/index.php?rest_route=%2Fwp%2Fv2%2Ftags&post=8313"}],"curies":[{"name":"wp","href":"https:\/\/api.w.org\/{rel}","templated":true}]}}