{"id":8328,"date":"2025-08-20T09:08:22","date_gmt":"2025-08-20T09:08:22","guid":{"rendered":"https:\/\/burkinaonline.net\/?p=8328"},"modified":"2025-08-20T09:08:22","modified_gmt":"2025-08-20T09:08:22","slug":"cooperation-le-premier-ministre-malien-accueille-son-homologue-burkinabe","status":"publish","type":"post","link":"https:\/\/burkinaonline.net\/?p=8328","title":{"rendered":"Coop\u00e9ration: Le premier ministre malien accueille son homologue burkinab\u00e8"},"content":{"rendered":"<p class=\"p1\">Le Premier ministre burkinab\u00e8 Rimtalba Jean-Emmanuel OUEDRAOGO est arriv\u00e9 ce mardi 19 ao\u00fbt 2025 \u00e0 Bamako pour une visite d\u2019amiti\u00e9 et de travail de quatre jours. A son arriv\u00e9e, il a \u00e9t\u00e9 accueilli par le Premier ministre, le G\u00e9n\u00e9ral de Division Abdoulaye MAIGA, plusieurs membres du Gouvernement et la communaut\u00e9 burkinabe vivant au Mali. Les deux personnalit\u00e9s ont eu un premier t\u00eate-\u00e0-t\u00eate dans le salon de l\u2019a\u00e9roport international Pr\u00e9sident Modibo KEITA de Bamako Senou. A l\u2019invitation de son homologue malien, Rimtalba Jean-Emmanuel OUEDRAOGO prendra part \u00e0 la 2e \u00e9dition du Camp National de la Brigade Citoyenne du Mali, organis\u00e9e par le minist\u00e8re de la Jeunesse et des Sports, charg\u00e9 de l\u2019Instruction Civique et de la Construction Citoyenne. En marge de cet \u00e9v\u00e9nement, une s\u00e9ance de travail, co-pr\u00e9sid\u00e9e par les deux Premiers ministres, regroupera les d\u00e9l\u00e9gations malienne et burkinab\u00e8 autour des questions d\u2019int\u00e9r\u00eat commun touchant la coop\u00e9ration bilat\u00e9rale et la situation g\u00e9opolitique r\u00e9gionale et internationale. Le Premier ministre burkinab\u00e8 sera enfin re\u00e7u en audience par le Pr\u00e9sident de la Transition, le G\u00e9n\u00e9ral d\u2019Arm\u00e9e Assimi GOITA. Le chef du gouvernement burkinab\u00e8 est accompagn\u00e9 par une forte d\u00e9l\u00e9gation.<\/p>\n<p class=\"p1\"><span class=\"s2\">CCRP-PRIMATURE<\/span><\/p>\n<p class=\"p1\"><span class=\"s2\">www.burkinaonline.net<\/span><\/p>\n","protected":false},"excerpt":{"rendered":"<p>Le Premier ministre burkinab\u00e8 Rimtalba Jean-Emmanuel OUEDRAOGO est arriv\u00e9 ce mardi 19 ao\u00fbt 2025 \u00e0&#8230;<\/p>\n","protected":false},"author":1,"featured_media":8329,"comment_status":"open","ping_status":"open","sticky":false,"template":"","format":"standard","meta":{"footnotes":""},"categories":[8,30,10],"tags":[],"class_list":["post-8328","post","type-post","status-publish","format-standard","has-post-thumbnail","hentry","category-post","category-aes","category-burkina-faso"],"_links":{"self":[{"href":"https:\/\/burkinaonline.net\/index.php?rest_route=\/wp\/v2\/posts\/8328","targetHints":{"allow":["GET"]}}],"collection":[{"href":"https:\/\/burkinaonline.net\/index.php?rest_route=\/wp\/v2\/posts"}],"about":[{"href":"https:\/\/burkinaonline.net\/index.php?rest_route=\/wp\/v2\/types\/post"}],"author":[{"embeddable":true,"href":"https:\/\/burkinaonline.net\/index.php?rest_route=\/wp\/v2\/users\/1"}],"replies":[{"embeddable":true,"href":"https:\/\/burkinaonline.net\/index.php?rest_route=%2Fwp%2Fv2%2Fcomments&post=8328"}],"version-history":[{"count":1,"href":"https:\/\/burkinaonline.net\/index.php?rest_route=\/wp\/v2\/posts\/8328\/revisions"}],"predecessor-version":[{"id":8330,"href":"https:\/\/burkinaonline.net\/index.php?rest_route=\/wp\/v2\/posts\/8328\/revisions\/8330"}],"wp:featuredmedia":[{"embeddable":true,"href":"https:\/\/burkinaonline.net\/index.php?rest_route=\/wp\/v2\/media\/8329"}],"wp:attachment":[{"href":"https:\/\/burkinaonline.net\/index.php?rest_route=%2Fwp%2Fv2%2Fmedia&parent=8328"}],"wp:term":[{"taxonomy":"category","embeddable":true,"href":"https:\/\/burkinaonline.net\/index.php?rest_route=%2Fwp%2Fv2%2Fcategories&post=8328"},{"taxonomy":"post_tag","embeddable":true,"href":"https:\/\/burkinaonline.net\/index.php?rest_route=%2Fwp%2Fv2%2Ftags&post=8328"}],"curies":[{"name":"wp","href":"https:\/\/api.w.org\/{rel}","templated":true}]}}