{"id":8331,"date":"2025-08-20T10:53:36","date_gmt":"2025-08-20T10:53:36","guid":{"rendered":"https:\/\/burkinaonline.net\/?p=8331"},"modified":"2025-08-20T12:04:34","modified_gmt":"2025-08-20T12:04:34","slug":"%f0%9f%9f%a5-accident-sur-la-rn3-un-car-chute-sous-un-pont-et-fait-plusieurs-blesses-bf1","status":"publish","type":"post","link":"https:\/\/burkinaonline.net\/?p=8331","title":{"rendered":"Accident sur la RN3 : un car chute sous un pont et fait plusieurs bless\u00e9s (BF1)"},"content":{"rendered":"<p>Un car d\u2019une compagnie de transport en commun a chut\u00e9 sous un pont ce mercredi 20 ao\u00fbt 2025, sur la RN3, axe Ouagadougou-Kaya. Selon les premiers secours, l\u2019accident a fait plusieurs bless\u00e9s, dont certains graves.<\/p>\n<p class=\"p1\"><span class=\"s1\">Le bilan provisoire est de 11 victimes dont 02 d\u00e9c\u00e9d\u00e9es, 02 victimes en \u00e9tat grave (inconscientes) et 07 bless\u00e9s l\u00e9gers.<\/span><\/p>\n<p>Les \u00e9quipes de sauvetage poursuivent les recherches pour retrouver d\u2019\u00e9ventuels passagers coinc\u00e9s. Les causes de l\u2019accident ne sont pas encore connues.<\/p>\n<p>Source: BF1<br \/>\nMinute.bf<\/p>\n<p><a href=\"http:\/\/burkinaonline.net\/wp-content\/uploads\/2025\/08\/IMG_9149.jpeg\"><img fetchpriority=\"high\" decoding=\"async\" class=\"alignnone size-medium wp-image-8333\" src=\"http:\/\/burkinaonline.net\/wp-content\/uploads\/2025\/08\/IMG_9149-300x225.jpeg\" alt=\"\" width=\"300\" height=\"225\" srcset=\"https:\/\/burkinaonline.net\/wp-content\/uploads\/2025\/08\/IMG_9149-300x225.jpeg 300w, https:\/\/burkinaonline.net\/wp-content\/uploads\/2025\/08\/IMG_9149-1024x767.jpeg 1024w, https:\/\/burkinaonline.net\/wp-content\/uploads\/2025\/08\/IMG_9149-768x575.jpeg 768w, https:\/\/burkinaonline.net\/wp-content\/uploads\/2025\/08\/IMG_9149.jpeg 1080w\" sizes=\"(max-width: 300px) 100vw, 300px\" \/><\/a> <a href=\"http:\/\/burkinaonline.net\/wp-content\/uploads\/2025\/08\/IMG_9150-1.jpeg\"><img decoding=\"async\" class=\"alignnone size-medium wp-image-8334\" src=\"http:\/\/burkinaonline.net\/wp-content\/uploads\/2025\/08\/IMG_9150-1-300x225.jpeg\" alt=\"\" width=\"300\" height=\"225\" srcset=\"https:\/\/burkinaonline.net\/wp-content\/uploads\/2025\/08\/IMG_9150-1-300x225.jpeg 300w, https:\/\/burkinaonline.net\/wp-content\/uploads\/2025\/08\/IMG_9150-1-1024x767.jpeg 1024w, https:\/\/burkinaonline.net\/wp-content\/uploads\/2025\/08\/IMG_9150-1-768x575.jpeg 768w, https:\/\/burkinaonline.net\/wp-content\/uploads\/2025\/08\/IMG_9150-1.jpeg 1080w\" sizes=\"(max-width: 300px) 100vw, 300px\" \/><\/a><br \/>\n<a href=\"http:\/\/burkinaonline.net\/wp-content\/uploads\/2025\/08\/IMG_9156.jpeg\"><img decoding=\"async\" class=\"alignnone size-medium wp-image-8338\" src=\"http:\/\/burkinaonline.net\/wp-content\/uploads\/2025\/08\/IMG_9156-225x300.jpeg\" alt=\"\" width=\"225\" height=\"300\" srcset=\"https:\/\/burkinaonline.net\/wp-content\/uploads\/2025\/08\/IMG_9156-225x300.jpeg 225w, https:\/\/burkinaonline.net\/wp-content\/uploads\/2025\/08\/IMG_9156-768x1024.jpeg 768w, https:\/\/burkinaonline.net\/wp-content\/uploads\/2025\/08\/IMG_9156.jpeg 960w\" sizes=\"(max-width: 225px) 100vw, 225px\" \/><\/a> <a href=\"http:\/\/burkinaonline.net\/wp-content\/uploads\/2025\/08\/IMG_9155.jpeg\"><img loading=\"lazy\" decoding=\"async\" class=\"alignnone size-medium wp-image-8339\" src=\"http:\/\/burkinaonline.net\/wp-content\/uploads\/2025\/08\/IMG_9155-225x300.jpeg\" alt=\"\" width=\"225\" height=\"300\" srcset=\"https:\/\/burkinaonline.net\/wp-content\/uploads\/2025\/08\/IMG_9155-225x300.jpeg 225w, https:\/\/burkinaonline.net\/wp-content\/uploads\/2025\/08\/IMG_9155.jpeg 762w\" sizes=\"(max-width: 225px) 100vw, 225px\" \/><\/a> <a href=\"http:\/\/burkinaonline.net\/wp-content\/uploads\/2025\/08\/IMG_9154.jpeg\"><img loading=\"lazy\" decoding=\"async\" class=\"alignnone size-medium wp-image-8340\" src=\"http:\/\/burkinaonline.net\/wp-content\/uploads\/2025\/08\/IMG_9154-300x225.jpeg\" alt=\"\" width=\"300\" height=\"225\" srcset=\"https:\/\/burkinaonline.net\/wp-content\/uploads\/2025\/08\/IMG_9154-300x225.jpeg 300w, https:\/\/burkinaonline.net\/wp-content\/uploads\/2025\/08\/IMG_9154-768x576.jpeg 768w, https:\/\/burkinaonline.net\/wp-content\/uploads\/2025\/08\/IMG_9154.jpeg 1016w\" sizes=\"(max-width: 300px) 100vw, 300px\" \/><\/a> <a href=\"http:\/\/burkinaonline.net\/wp-content\/uploads\/2025\/08\/IMG_9153.jpeg\"><img loading=\"lazy\" decoding=\"async\" class=\"alignnone size-medium wp-image-8341\" src=\"http:\/\/burkinaonline.net\/wp-content\/uploads\/2025\/08\/IMG_9153-225x300.jpeg\" alt=\"\" width=\"225\" height=\"300\" srcset=\"https:\/\/burkinaonline.net\/wp-content\/uploads\/2025\/08\/IMG_9153-225x300.jpeg 225w, https:\/\/burkinaonline.net\/wp-content\/uploads\/2025\/08\/IMG_9153.jpeg 762w\" sizes=\"(max-width: 225px) 100vw, 225px\" \/><\/a> <a href=\"http:\/\/burkinaonline.net\/wp-content\/uploads\/2025\/08\/IMG_9152.jpeg\"><img loading=\"lazy\" decoding=\"async\" class=\"alignnone size-medium wp-image-8342\" src=\"http:\/\/burkinaonline.net\/wp-content\/uploads\/2025\/08\/IMG_9152-300x225.jpeg\" alt=\"\" width=\"300\" height=\"225\" srcset=\"https:\/\/burkinaonline.net\/wp-content\/uploads\/2025\/08\/IMG_9152-300x225.jpeg 300w, https:\/\/burkinaonline.net\/wp-content\/uploads\/2025\/08\/IMG_9152-768x576.jpeg 768w, https:\/\/burkinaonline.net\/wp-content\/uploads\/2025\/08\/IMG_9152.jpeg 1016w\" sizes=\"(max-width: 300px) 100vw, 300px\" \/><\/a><\/p>\n","protected":false},"excerpt":{"rendered":"<p>Un car d\u2019une compagnie de transport en commun a chut\u00e9 sous un pont ce mercredi&#8230;<\/p>\n","protected":false},"author":1,"featured_media":8332,"comment_status":"open","ping_status":"open","sticky":false,"template":"","format":"standard","meta":{"footnotes":""},"categories":[8,10,13],"tags":[],"class_list":["post-8331","post","type-post","status-publish","format-standard","has-post-thumbnail","hentry","category-post","category-burkina-faso","category-societe"],"_links":{"self":[{"href":"https:\/\/burkinaonline.net\/index.php?rest_route=\/wp\/v2\/posts\/8331","targetHints":{"allow":["GET"]}}],"collection":[{"href":"https:\/\/burkinaonline.net\/index.php?rest_route=\/wp\/v2\/posts"}],"about":[{"href":"https:\/\/burkinaonline.net\/index.php?rest_route=\/wp\/v2\/types\/post"}],"author":[{"embeddable":true,"href":"https:\/\/burkinaonline.net\/index.php?rest_route=\/wp\/v2\/users\/1"}],"replies":[{"embeddable":true,"href":"https:\/\/burkinaonline.net\/index.php?rest_route=%2Fwp%2Fv2%2Fcomments&post=8331"}],"version-history":[{"count":4,"href":"https:\/\/burkinaonline.net\/index.php?rest_route=\/wp\/v2\/posts\/8331\/revisions"}],"predecessor-version":[{"id":8350,"href":"https:\/\/burkinaonline.net\/index.php?rest_route=\/wp\/v2\/posts\/8331\/revisions\/8350"}],"wp:featuredmedia":[{"embeddable":true,"href":"https:\/\/burkinaonline.net\/index.php?rest_route=\/wp\/v2\/media\/8332"}],"wp:attachment":[{"href":"https:\/\/burkinaonline.net\/index.php?rest_route=%2Fwp%2Fv2%2Fmedia&parent=8331"}],"wp:term":[{"taxonomy":"category","embeddable":true,"href":"https:\/\/burkinaonline.net\/index.php?rest_route=%2Fwp%2Fv2%2Fcategories&post=8331"},{"taxonomy":"post_tag","embeddable":true,"href":"https:\/\/burkinaonline.net\/index.php?rest_route=%2Fwp%2Fv2%2Ftags&post=8331"}],"curies":[{"name":"wp","href":"https:\/\/api.w.org\/{rel}","templated":true}]}}