{"id":8345,"date":"2025-08-20T11:41:26","date_gmt":"2025-08-20T11:41:26","guid":{"rendered":"https:\/\/burkinaonline.net\/?p=8345"},"modified":"2025-08-20T11:49:01","modified_gmt":"2025-08-20T11:49:01","slug":"mali-des-fonctionnaires-et-des-operateurs-economiques-poursuivis-pour-corruption-et-blanchiment","status":"publish","type":"post","link":"https:\/\/burkinaonline.net\/?p=8345","title":{"rendered":"Mali : Des fonctionnaires et des op\u00e9rateurs \u00e9conomiques poursuivis pour corruption et blanchiment"},"content":{"rendered":"<p class=\"p1\">Bamako, 19 ao\u00fbt 2025 \u2013 La Cour Supr\u00eame du Mali a annonc\u00e9 l\u2019ouverture d\u2019une information judiciaire concernant des faits graves de faux et usage de faux, atteinte aux biens publics, blanchiment d\u2019argent et complicit\u00e9. Les investigations portent sur des fonctionnaires et des op\u00e9rateurs \u00e9conomiques.<\/p>\n<p class=\"p1\"><span class=\"s1\">Selon le Procureur G\u00e9n\u00e9ral pr\u00e8s la Cour Supr\u00eame, les fonctionnaires impliqu\u00e9s sont principalement ceux ayant g\u00e9r\u00e9 le budget de la Primature entre 2021 et le 30 novembre 2024, ainsi que ceux ayant supervis\u00e9 des contrats li\u00e9s \u00e0 la convention de partenariat entre l\u2019AGTIER et la Primature.<\/span><\/p>\n<p class=\"p1\"><span class=\"s1\">Dans le cadre de cette proc\u00e9dure, la Chambre d\u2019instruction de la Cour Supr\u00eame a proc\u00e9d\u00e9 \u00e0 des interrogatoires et prononc\u00e9 des mises en examen. Des notifications de poursuites ont \u00e9t\u00e9 d\u00e9livr\u00e9es et des mandats de d\u00e9p\u00f4t d\u00e9cern\u00e9s, tandis que certaines affaires relevant du P\u00f4le Judiciaire Sp\u00e9cialis\u00e9 en mati\u00e8re de lutte contre la d\u00e9linquance \u00e9conomique et financi\u00e8re ont \u00e9t\u00e9 transmises au Procureur National Financier.<\/span><\/p>\n<p class=\"p1\"><span class=\"s1\">Le Parquet g\u00e9n\u00e9ral assure que la justice suivra son cours dans le strict respect des droits de la d\u00e9fense et du principe de la pr\u00e9somption d\u2019innocence, visant \u00e0 garantir un proc\u00e8s \u00e9quitable. Les informations destin\u00e9es au public seront communiqu\u00e9es selon les principes du devoir de r\u00e9serve et du secret de l\u2019instruction judiciaire.<\/span><\/p>\n<p class=\"p1\"><span class=\"s1\">Le Procureur G\u00e9n\u00e9ral a appel\u00e9 \u00e0 la compr\u00e9hension et \u00e0 l\u2019esprit citoyen de tous les Maliens face \u00e0 cette proc\u00e9dure judiciaire.<\/span><\/p>\n<p>www.burkinaonline.net<\/p>\n","protected":false},"excerpt":{"rendered":"<p>Bamako, 19 ao\u00fbt 2025 \u2013 La Cour Supr\u00eame du Mali a annonc\u00e9 l\u2019ouverture d\u2019une information&#8230;<\/p>\n","protected":false},"author":1,"featured_media":8348,"comment_status":"open","ping_status":"open","sticky":false,"template":"","format":"standard","meta":{"footnotes":""},"categories":[8,13],"tags":[],"class_list":["post-8345","post","type-post","status-publish","format-standard","has-post-thumbnail","hentry","category-post","category-societe"],"_links":{"self":[{"href":"https:\/\/burkinaonline.net\/index.php?rest_route=\/wp\/v2\/posts\/8345","targetHints":{"allow":["GET"]}}],"collection":[{"href":"https:\/\/burkinaonline.net\/index.php?rest_route=\/wp\/v2\/posts"}],"about":[{"href":"https:\/\/burkinaonline.net\/index.php?rest_route=\/wp\/v2\/types\/post"}],"author":[{"embeddable":true,"href":"https:\/\/burkinaonline.net\/index.php?rest_route=\/wp\/v2\/users\/1"}],"replies":[{"embeddable":true,"href":"https:\/\/burkinaonline.net\/index.php?rest_route=%2Fwp%2Fv2%2Fcomments&post=8345"}],"version-history":[{"count":1,"href":"https:\/\/burkinaonline.net\/index.php?rest_route=\/wp\/v2\/posts\/8345\/revisions"}],"predecessor-version":[{"id":8347,"href":"https:\/\/burkinaonline.net\/index.php?rest_route=\/wp\/v2\/posts\/8345\/revisions\/8347"}],"wp:featuredmedia":[{"embeddable":true,"href":"https:\/\/burkinaonline.net\/index.php?rest_route=\/wp\/v2\/media\/8348"}],"wp:attachment":[{"href":"https:\/\/burkinaonline.net\/index.php?rest_route=%2Fwp%2Fv2%2Fmedia&parent=8345"}],"wp:term":[{"taxonomy":"category","embeddable":true,"href":"https:\/\/burkinaonline.net\/index.php?rest_route=%2Fwp%2Fv2%2Fcategories&post=8345"},{"taxonomy":"post_tag","embeddable":true,"href":"https:\/\/burkinaonline.net\/index.php?rest_route=%2Fwp%2Fv2%2Ftags&post=8345"}],"curies":[{"name":"wp","href":"https:\/\/api.w.org\/{rel}","templated":true}]}}