{"id":8353,"date":"2025-08-20T20:17:11","date_gmt":"2025-08-20T20:17:11","guid":{"rendered":"https:\/\/burkinaonline.net\/?p=8353"},"modified":"2025-08-20T20:22:16","modified_gmt":"2025-08-20T20:22:16","slug":"deces-dalino-faso-une-autopsie-realisee-au-chu-de-bogodogo","status":"publish","type":"post","link":"https:\/\/burkinaonline.net\/?p=8353","title":{"rendered":"D\u00e9c\u00e8s d\u2019Alino Faso : une autopsie r\u00e9alis\u00e9e au CHU de Bogodogo"},"content":{"rendered":"<p class=\"p1\"><span class=\"s1\">Ouagadougou, 20 ao\u00fbt 2025 \u2013 Le Parquet du Tribunal de grande instance Ouaga I a annonc\u00e9 que le corps de l\u2019activiste <\/span><span class=\"s1\">burkinab\u00e8 Traor\u00e9 Alain Christophe, dit <\/span><span class=\"s2\">Alino Faso<\/span><span class=\"s1\">, d\u00e9c\u00e9d\u00e9 r\u00e9cemment en C\u00f4te d\u2019Ivoire dans des circonstances encore non \u00e9lucid\u00e9es, a fait l\u2019objet d\u2019une autopsie au CHU de Bogodogo.<\/span><\/p>\n<p class=\"p1\"><span class=\"s1\">Selon le communiqu\u00e9 sign\u00e9 par le Procureur du Faso pr\u00e8s le TGI Ouaga I, Bakouli Blaise Bazi\u00e9, cette autopsie, ordonn\u00e9e par le doyen des juges d\u2019instruction, a \u00e9t\u00e9 effectu\u00e9e le 19 ao\u00fbt 2025 par une \u00e9quipe de m\u00e9decine l\u00e9gale. Les r\u00e9sultats seront vers\u00e9s au dossier de l\u2019instruction en cours.<\/span><\/p>\n<p class=\"p1\"><span class=\"s1\">Le parquet rappelle qu\u2019une information judiciaire a \u00e9t\u00e9 ouverte le 31 juillet 2025, suite \u00e0 la plainte de la famille de l\u2019artiste. Toute personne pouvant contribuer \u00e0 la manifestation de la v\u00e9rit\u00e9 est invit\u00e9e \u00e0 se rendre au cabinet n\u00b003 du doyen des juges d\u2019instruction du TGI Ouaga I pendant les jours ouvrables.<\/span><\/p>\n<p class=\"p1\"><span class=\"s1\">En attendant les conclusions, le parquet a pr\u00e9sent\u00e9 ses condol\u00e9ances \u00e0 la famille \u00e9plor\u00e9e et a assur\u00e9 que la justice suit son cours pour faire la lumi\u00e8re sur ce d\u00e9c\u00e8s qui suscite une vive \u00e9motion.<\/span><\/p>\n<p class=\"p1\"><span class=\"s3\">www.burkinaonline.net<\/span><\/p>\n<p><a href=\"http:\/\/burkinaonline.net\/wp-content\/uploads\/2025\/08\/IMG_9189-1.jpeg\"><img fetchpriority=\"high\" decoding=\"async\" class=\"alignnone size-full wp-image-8357\" src=\"http:\/\/burkinaonline.net\/wp-content\/uploads\/2025\/08\/IMG_9189-1.jpeg\" alt=\"\" width=\"259\" height=\"194\" \/><\/a> <a href=\"http:\/\/burkinaonline.net\/wp-content\/uploads\/2025\/08\/IMG_9188.jpeg\"><img decoding=\"async\" class=\"alignnone size-medium wp-image-8358\" src=\"http:\/\/burkinaonline.net\/wp-content\/uploads\/2025\/08\/IMG_9188-212x300.jpeg\" alt=\"\" width=\"212\" height=\"300\" srcset=\"https:\/\/burkinaonline.net\/wp-content\/uploads\/2025\/08\/IMG_9188-212x300.jpeg 212w, https:\/\/burkinaonline.net\/wp-content\/uploads\/2025\/08\/IMG_9188-724x1024.jpeg 724w, https:\/\/burkinaonline.net\/wp-content\/uploads\/2025\/08\/IMG_9188-768x1087.jpeg 768w, https:\/\/burkinaonline.net\/wp-content\/uploads\/2025\/08\/IMG_9188-1085x1536.jpeg 1085w, https:\/\/burkinaonline.net\/wp-content\/uploads\/2025\/08\/IMG_9188-1024x1449.jpeg 1024w, https:\/\/burkinaonline.net\/wp-content\/uploads\/2025\/08\/IMG_9188.jpeg 1447w\" sizes=\"(max-width: 212px) 100vw, 212px\" \/><\/a><\/p>\n","protected":false},"excerpt":{"rendered":"<p>Ouagadougou, 20 ao\u00fbt 2025 \u2013 Le Parquet du Tribunal de grande instance Ouaga I a&#8230;<\/p>\n","protected":false},"author":1,"featured_media":8354,"comment_status":"open","ping_status":"open","sticky":false,"template":"","format":"standard","meta":{"footnotes":""},"categories":[8,30,13],"tags":[],"class_list":["post-8353","post","type-post","status-publish","format-standard","has-post-thumbnail","hentry","category-post","category-aes","category-societe"],"_links":{"self":[{"href":"https:\/\/burkinaonline.net\/index.php?rest_route=\/wp\/v2\/posts\/8353","targetHints":{"allow":["GET"]}}],"collection":[{"href":"https:\/\/burkinaonline.net\/index.php?rest_route=\/wp\/v2\/posts"}],"about":[{"href":"https:\/\/burkinaonline.net\/index.php?rest_route=\/wp\/v2\/types\/post"}],"author":[{"embeddable":true,"href":"https:\/\/burkinaonline.net\/index.php?rest_route=\/wp\/v2\/users\/1"}],"replies":[{"embeddable":true,"href":"https:\/\/burkinaonline.net\/index.php?rest_route=%2Fwp%2Fv2%2Fcomments&post=8353"}],"version-history":[{"count":3,"href":"https:\/\/burkinaonline.net\/index.php?rest_route=\/wp\/v2\/posts\/8353\/revisions"}],"predecessor-version":[{"id":8359,"href":"https:\/\/burkinaonline.net\/index.php?rest_route=\/wp\/v2\/posts\/8353\/revisions\/8359"}],"wp:featuredmedia":[{"embeddable":true,"href":"https:\/\/burkinaonline.net\/index.php?rest_route=\/wp\/v2\/media\/8354"}],"wp:attachment":[{"href":"https:\/\/burkinaonline.net\/index.php?rest_route=%2Fwp%2Fv2%2Fmedia&parent=8353"}],"wp:term":[{"taxonomy":"category","embeddable":true,"href":"https:\/\/burkinaonline.net\/index.php?rest_route=%2Fwp%2Fv2%2Fcategories&post=8353"},{"taxonomy":"post_tag","embeddable":true,"href":"https:\/\/burkinaonline.net\/index.php?rest_route=%2Fwp%2Fv2%2Ftags&post=8353"}],"curies":[{"name":"wp","href":"https:\/\/api.w.org\/{rel}","templated":true}]}}