{"id":8371,"date":"2025-08-23T08:48:23","date_gmt":"2025-08-23T08:48:23","guid":{"rendered":"https:\/\/burkinaonline.net\/?p=8371"},"modified":"2025-08-23T08:48:23","modified_gmt":"2025-08-23T08:48:23","slug":"usa-trump-limoge-le-chef-du-renseignement-militaire-apres-un-rapport-sur-liran","status":"publish","type":"post","link":"https:\/\/burkinaonline.net\/?p=8371","title":{"rendered":"USA: Trump limoge le chef du renseignement militaire apr\u00e8s un rapport sur l\u2019Iran"},"content":{"rendered":"<p class=\"p1\">Washington, 23 ao\u00fbt 2025-Nouveau s\u00e9isme au sein de l\u2019appareil s\u00e9curitaire am\u00e9ricain. Le pr\u00e9sident Donald Trump a limog\u00e9, par l\u2019interm\u00e9diaire de son secr\u00e9taire \u00e0 la D\u00e9fense Pete Hegseth, le lieutenant-g\u00e9n\u00e9ral Jeffrey Kruse, directeur de la Defense Intelligence Agency (DIA). La d\u00e9cision est tomb\u00e9e le 22 ao\u00fbt, apr\u00e8s la publication d\u2019une \u00e9valuation pr\u00e9liminaire qui contredisait les d\u00e9clarations officielles de la Maison Blanche au sujet des r\u00e9centes frappes a\u00e9riennes en Iran.<\/p>\n<p class=\"p1\"><span class=\"s1\">Les faits<\/span><\/p>\n<p class=\"p1\"><span class=\"s1\">Selon ce rapport de la DIA, les bombardements am\u00e9ricains contre des sites nucl\u00e9aires iraniens n\u2019auraient caus\u00e9 qu\u2019un retard mineur dans le programme de T\u00e9h\u00e9ran. Or, Donald Trump avait affirm\u00e9 publiquement que les installations avaient \u00e9t\u00e9 \u00ab compl\u00e8tement an\u00e9anties \u00bb. Cette divergence a suffi pour provoquer le d\u00e9part brutal du patron de l\u2019agence.<\/span><\/p>\n<p class=\"p1\"><span class=\"s1\">Le limogeage ne s\u2019arr\u00eate pas l\u00e0 : d\u2019autres hauts grad\u00e9s ont \u00e9galement \u00e9t\u00e9 relev\u00e9s de leurs fonctions, dont la vice-amirale Nancy Lacore et le contre-amiral Milton Sands, signe d\u2019une v\u00e9ritable purge au sommet du Pentagone.<\/span><\/p>\n<p class=\"p1\"><span class=\"s1\">R\u00e9actions<\/span><\/p>\n<p class=\"p1\"><span class=\"s1\">La d\u00e9cision a suscit\u00e9 de vives critiques au Congr\u00e8s. Le s\u00e9nateur d\u00e9mocrate Mark Warner a d\u00e9nonc\u00e9 \u00ab la transformation du renseignement en test de loyaut\u00e9 politique, plut\u00f4t qu\u2019en outil de protection nationale \u00bb. Pour lui, cette d\u00e9marche affaiblit la cr\u00e9dibilit\u00e9 internationale des \u00c9tats-Unis.<\/span><\/p>\n<p class=\"p1\"><span class=\"s1\">Du c\u00f4t\u00e9 r\u00e9publicain, les proches du pr\u00e9sident d\u00e9fendent au contraire une \u00ab remise en ordre \u00bb des services, accus\u00e9s de semer le doute dans l\u2019opinion.<\/span><\/p>\n<p class=\"p1\"><span class=\"s1\">Analyse<\/span><\/p>\n<p class=\"p1\"><span class=\"s1\">Ce limogeage illustre une tendance lourde : la politisation du renseignement militaire. En sanctionnant une \u00e9valuation jug\u00e9e trop nuanc\u00e9e, la Maison Blanche envoie un message inqui\u00e9tant : les analyses doivent coller au discours pr\u00e9sidentiel, au risque de l\u2019autocensure et de la perte d\u2019objectivit\u00e9.<\/span><\/p>\n<p class=\"p1\"><span class=\"s1\">En toile de fond, une question persiste : les institutions de s\u00e9curit\u00e9 am\u00e9ricaines peuvent-elles encore fonctionner en toute ind\u00e9pendance, ou sont-elles d\u00e9sormais somm\u00e9es d\u2019\u00eatre au service exclusif de la narration politique ?<\/span><\/p>\n<p class=\"p1\"><span class=\"s1\">www.burkinaonline.net<\/span><\/p>\n","protected":false},"excerpt":{"rendered":"<p>Washington, 23 ao\u00fbt 2025-Nouveau s\u00e9isme au sein de l\u2019appareil s\u00e9curitaire am\u00e9ricain. Le pr\u00e9sident Donald Trump&#8230;<\/p>\n","protected":false},"author":1,"featured_media":8372,"comment_status":"open","ping_status":"open","sticky":false,"template":"","format":"standard","meta":{"footnotes":""},"categories":[8,18,11],"tags":[],"class_list":["post-8371","post","type-post","status-publish","format-standard","has-post-thumbnail","hentry","category-post","category-international","category-politique"],"_links":{"self":[{"href":"https:\/\/burkinaonline.net\/index.php?rest_route=\/wp\/v2\/posts\/8371","targetHints":{"allow":["GET"]}}],"collection":[{"href":"https:\/\/burkinaonline.net\/index.php?rest_route=\/wp\/v2\/posts"}],"about":[{"href":"https:\/\/burkinaonline.net\/index.php?rest_route=\/wp\/v2\/types\/post"}],"author":[{"embeddable":true,"href":"https:\/\/burkinaonline.net\/index.php?rest_route=\/wp\/v2\/users\/1"}],"replies":[{"embeddable":true,"href":"https:\/\/burkinaonline.net\/index.php?rest_route=%2Fwp%2Fv2%2Fcomments&post=8371"}],"version-history":[{"count":1,"href":"https:\/\/burkinaonline.net\/index.php?rest_route=\/wp\/v2\/posts\/8371\/revisions"}],"predecessor-version":[{"id":8373,"href":"https:\/\/burkinaonline.net\/index.php?rest_route=\/wp\/v2\/posts\/8371\/revisions\/8373"}],"wp:featuredmedia":[{"embeddable":true,"href":"https:\/\/burkinaonline.net\/index.php?rest_route=\/wp\/v2\/media\/8372"}],"wp:attachment":[{"href":"https:\/\/burkinaonline.net\/index.php?rest_route=%2Fwp%2Fv2%2Fmedia&parent=8371"}],"wp:term":[{"taxonomy":"category","embeddable":true,"href":"https:\/\/burkinaonline.net\/index.php?rest_route=%2Fwp%2Fv2%2Fcategories&post=8371"},{"taxonomy":"post_tag","embeddable":true,"href":"https:\/\/burkinaonline.net\/index.php?rest_route=%2Fwp%2Fv2%2Ftags&post=8371"}],"curies":[{"name":"wp","href":"https:\/\/api.w.org\/{rel}","templated":true}]}}