{"id":8374,"date":"2025-08-23T15:08:56","date_gmt":"2025-08-23T15:08:56","guid":{"rendered":"https:\/\/burkinaonline.net\/?p=8374"},"modified":"2025-08-23T15:08:56","modified_gmt":"2025-08-23T15:08:56","slug":"tensions-entre-la-france-et-litalie-le-vice-premier-ministre-italien-suggere-a-macron-de-porter-luniforme-et-daller-se-battre-lui-meme-en-ukraine","status":"publish","type":"post","link":"https:\/\/burkinaonline.net\/?p=8374","title":{"rendered":"Tensions entre la France et l\u2019Italie : Le vice-Premier ministre italien sugg\u00e8re \u00e0 Macron de porter l\u2019uniforme et d\u2019aller se battre lui-m\u00eame en Ukraine"},"content":{"rendered":"<p class=\"p1\">Le climat diplomatique s\u2019est tendu ce 23 ao\u00fbt 2025 entre Paris et Rome, apr\u00e8s une sortie remarqu\u00e9e du vice-Premier ministre italien Matteo Salvini. Ce dernier a vivement critiqu\u00e9 l\u2019id\u00e9e d\u2019Emmanuel Macron de constituer une force europ\u00e9enne appel\u00e9e \u00e0 \u00eatre d\u00e9ploy\u00e9e en Ukraine, apr\u00e8s la guerre.<\/p>\n<p class=\"p1\"><span class=\"s1\">En marge d\u2019un d\u00e9placement \u00e0 Milan, Salvini a lanc\u00e9 une pique directe au pr\u00e9sident fran\u00e7ais : <\/span><span class=\"s2\">\u00ab Mets ton casque, ton gilet, ton fusil et va en Ukraine \u00bb<\/span><span class=\"s1\">, l\u2019invitant ironiquement \u00e0 se rendre lui-m\u00eame sur le terrain s\u2019il souhaitait voir des soldats europ\u00e9ens engag\u00e9s.<\/span><\/p>\n<p class=\"p1\"><span class=\"s1\">Ces propos ont \u00e9t\u00e9 jug\u00e9s inacceptables par la diplomatie fran\u00e7aise. Le Quai d\u2019Orsay a convoqu\u00e9 l\u2019ambassadrice d\u2019Italie \u00e0 Paris, estimant que de telles d\u00e9clarations \u00e9taient \u00ab contraires au climat de confiance et \u00e0 la relation historique entre les deux pays \u00bb.<\/span><\/p>\n<p class=\"p1\"><span class=\"s1\">Cette passe d\u2019armes illustre les divergences profondes au sein de l\u2019Union europ\u00e9enne quant \u00e0 la strat\u00e9gie \u00e0 adopter face au conflit ukrainien. Tandis que Paris plaide pour une pr\u00e9sence europ\u00e9enne renforc\u00e9e, Rome, par la voix de Salvini, campe sur une ligne beaucoup plus r\u00e9ticente \u00e0 toute projection militaire.<\/span><\/p>\n<p>www.burkinaonline.net<\/p>\n","protected":false},"excerpt":{"rendered":"<p>Le climat diplomatique s\u2019est tendu ce 23 ao\u00fbt 2025 entre Paris et Rome, apr\u00e8s une&#8230;<\/p>\n","protected":false},"author":1,"featured_media":8375,"comment_status":"open","ping_status":"open","sticky":false,"template":"","format":"standard","meta":{"footnotes":""},"categories":[8,18,11],"tags":[],"class_list":["post-8374","post","type-post","status-publish","format-standard","has-post-thumbnail","hentry","category-post","category-international","category-politique"],"_links":{"self":[{"href":"https:\/\/burkinaonline.net\/index.php?rest_route=\/wp\/v2\/posts\/8374","targetHints":{"allow":["GET"]}}],"collection":[{"href":"https:\/\/burkinaonline.net\/index.php?rest_route=\/wp\/v2\/posts"}],"about":[{"href":"https:\/\/burkinaonline.net\/index.php?rest_route=\/wp\/v2\/types\/post"}],"author":[{"embeddable":true,"href":"https:\/\/burkinaonline.net\/index.php?rest_route=\/wp\/v2\/users\/1"}],"replies":[{"embeddable":true,"href":"https:\/\/burkinaonline.net\/index.php?rest_route=%2Fwp%2Fv2%2Fcomments&post=8374"}],"version-history":[{"count":1,"href":"https:\/\/burkinaonline.net\/index.php?rest_route=\/wp\/v2\/posts\/8374\/revisions"}],"predecessor-version":[{"id":8376,"href":"https:\/\/burkinaonline.net\/index.php?rest_route=\/wp\/v2\/posts\/8374\/revisions\/8376"}],"wp:featuredmedia":[{"embeddable":true,"href":"https:\/\/burkinaonline.net\/index.php?rest_route=\/wp\/v2\/media\/8375"}],"wp:attachment":[{"href":"https:\/\/burkinaonline.net\/index.php?rest_route=%2Fwp%2Fv2%2Fmedia&parent=8374"}],"wp:term":[{"taxonomy":"category","embeddable":true,"href":"https:\/\/burkinaonline.net\/index.php?rest_route=%2Fwp%2Fv2%2Fcategories&post=8374"},{"taxonomy":"post_tag","embeddable":true,"href":"https:\/\/burkinaonline.net\/index.php?rest_route=%2Fwp%2Fv2%2Ftags&post=8374"}],"curies":[{"name":"wp","href":"https:\/\/api.w.org\/{rel}","templated":true}]}}