{"id":8377,"date":"2025-08-25T07:45:04","date_gmt":"2025-08-25T07:45:04","guid":{"rendered":"https:\/\/burkinaonline.net\/?p=8377"},"modified":"2025-08-25T07:45:04","modified_gmt":"2025-08-25T07:45:04","slug":"espionnage-la-france-surveillerait-encore-le-sahel-depuis-les-airs","status":"publish","type":"post","link":"https:\/\/burkinaonline.net\/?p=8377","title":{"rendered":"Espionnage : la France surveillerait encore le Sahel depuis les airs"},"content":{"rendered":"<p>Depuis plusieurs mois, des r\u00e9v\u00e9lations pointent l\u2019existence d\u2019une \u00ab arm\u00e9e fant\u00f4me \u00bb fran\u00e7aise en Afrique de l\u2019Ouest. Loin des grandes bases militaires ferm\u00e9es au Mali, au Niger ou au Burkina Faso, Paris maintiendrait une pr\u00e9sence discr\u00e8te gr\u00e2ce \u00e0 des avions espions qui surveilleraient le ciel sah\u00e9lien depuis la C\u00f4te d\u2019Ivoire et le B\u00e9nin.<\/p>\n<p>Selon le journaliste Thomas Dietrich, ces appareils, souvent g\u00e9r\u00e9s avec l\u2019appui de la soci\u00e9t\u00e9 priv\u00e9e CAE Aviation, volent sans grand signe visible de l\u2019arm\u00e9e fran\u00e7aise. Leur r\u00f4le officiel : observer les mouvements de groupes arm\u00e9s. Leur utilit\u00e9 r\u00e9elle : conserver une capacit\u00e9 d\u2019intervention et de renseignement dans une r\u00e9gion o\u00f9 l\u2019opinion rejette de plus en plus la pr\u00e9sence militaire fran\u00e7aise.<\/p>\n<p>Dans une vid\u00e9o d\u2019environ treize minutes, Thomas Dietrich affirme, d\u00e9tails \u00e0 l\u2019appui, que ces \u00ab avions fant\u00f4mes \u00bb op\u00e8rent pour le compte de la DGSE (Direction g\u00e9n\u00e9rale de la s\u00e9curit\u00e9 ext\u00e9rieure) et de la DRM (Direction du renseignement militaire) fran\u00e7aises. Selon lui, en juin dernier, l\u2019un de ces appareils aurait survol\u00e9 \u00e0 plusieurs reprises, de mani\u00e8re discr\u00e8te, le territoire burkinab\u00e8. Il pr\u00e9cise que ces avions ne se contentent pas de prendre des photos : ils embarquent du mat\u00e9riel d\u2019espionnage sophistiqu\u00e9, capable non seulement de r\u00e9aliser des observations visuelles mais aussi d\u2019intercepter des communications, renfor\u00e7ant ainsi leur r\u00f4le de v\u00e9ritables outils de renseignement clandestin.<\/p>\n<p>\u00ab La France voudrait bien faire tomber Ibrahim Traor\u00e9 par tous les moyens parce que ce dernier s\u2019est alli\u00e9 aux Russes \u00bb, a affirm\u00e9 le journaliste Thomas Dietrich. Selon lui, ce choix g\u00e9opolitique du capitaine, pr\u00e9sident du Faso, constitue une ligne rouge pour Paris, qui voit dans ce rapprochement une menace directe \u00e0 son influence traditionnelle dans la r\u00e9gion.<\/p>\n<p>En Afrique de l\u2019Ouest, la strat\u00e9gie fran\u00e7aise semble s\u2019adapter : moins de bases visibles, davantage de vols discrets, parfois depuis des a\u00e9roports secondaires comme Tourou, au B\u00e9nin. Objectif : surveiller, influencer et rester dans le jeu s\u00e9curitaire sans provoquer les r\u00e9actions populaires qu\u2019entra\u00eene une pr\u00e9sence trop voyante.<\/p>\n<p>Toujours selon Thomas Dietrich, ces vols de type ISR (Intelligence, Surveillance, Reconnaissance) ne servent pas seulement \u00e0 collecter des donn\u00e9es : ils entretiennent pour la France une illusion de puissance et de grandeur, comme si elle r\u00e9gnait encore sur un empire africain disparu depuis longtemps.<\/p>\n<p>www.burkinaonline.net<\/p>\n","protected":false},"excerpt":{"rendered":"<p>Depuis plusieurs mois, des r\u00e9v\u00e9lations pointent l\u2019existence d\u2019une \u00ab arm\u00e9e fant\u00f4me \u00bb fran\u00e7aise en Afrique&#8230;<\/p>\n","protected":false},"author":1,"featured_media":8378,"comment_status":"open","ping_status":"open","sticky":false,"template":"","format":"standard","meta":{"footnotes":""},"categories":[8,30,10,12],"tags":[],"class_list":["post-8377","post","type-post","status-publish","format-standard","has-post-thumbnail","hentry","category-post","category-aes","category-burkina-faso","category-terrorisme"],"_links":{"self":[{"href":"https:\/\/burkinaonline.net\/index.php?rest_route=\/wp\/v2\/posts\/8377","targetHints":{"allow":["GET"]}}],"collection":[{"href":"https:\/\/burkinaonline.net\/index.php?rest_route=\/wp\/v2\/posts"}],"about":[{"href":"https:\/\/burkinaonline.net\/index.php?rest_route=\/wp\/v2\/types\/post"}],"author":[{"embeddable":true,"href":"https:\/\/burkinaonline.net\/index.php?rest_route=\/wp\/v2\/users\/1"}],"replies":[{"embeddable":true,"href":"https:\/\/burkinaonline.net\/index.php?rest_route=%2Fwp%2Fv2%2Fcomments&post=8377"}],"version-history":[{"count":1,"href":"https:\/\/burkinaonline.net\/index.php?rest_route=\/wp\/v2\/posts\/8377\/revisions"}],"predecessor-version":[{"id":8379,"href":"https:\/\/burkinaonline.net\/index.php?rest_route=\/wp\/v2\/posts\/8377\/revisions\/8379"}],"wp:featuredmedia":[{"embeddable":true,"href":"https:\/\/burkinaonline.net\/index.php?rest_route=\/wp\/v2\/media\/8378"}],"wp:attachment":[{"href":"https:\/\/burkinaonline.net\/index.php?rest_route=%2Fwp%2Fv2%2Fmedia&parent=8377"}],"wp:term":[{"taxonomy":"category","embeddable":true,"href":"https:\/\/burkinaonline.net\/index.php?rest_route=%2Fwp%2Fv2%2Fcategories&post=8377"},{"taxonomy":"post_tag","embeddable":true,"href":"https:\/\/burkinaonline.net\/index.php?rest_route=%2Fwp%2Fv2%2Ftags&post=8377"}],"curies":[{"name":"wp","href":"https:\/\/api.w.org\/{rel}","templated":true}]}}