{"id":8380,"date":"2025-08-25T11:05:40","date_gmt":"2025-08-25T11:05:40","guid":{"rendered":"https:\/\/burkinaonline.net\/?p=8380"},"modified":"2025-08-25T11:05:40","modified_gmt":"2025-08-25T11:05:40","slug":"tensions-politiques-en-guinee-plusieurs-partis-suspendus-lopposition-sinsurge","status":"publish","type":"post","link":"https:\/\/burkinaonline.net\/?p=8380","title":{"rendered":"Tensions politiques en Guin\u00e9e : plusieurs partis suspendus, l\u2019opposition s\u2019insurge"},"content":{"rendered":"<p>Conakry \u2013 La Guin\u00e9e traverse une nouvelle crise politique. Plusieurs partis politiques, dont l\u2019UFDG de l\u2019ex-Premier ministre Cellou Dalein Diallo, ont \u00e9t\u00e9 suspendus par les autorit\u00e9s pour \u00ab non-respect de leurs obligations \u00bb. Ces mesures interviennent alors que le pays se pr\u00e9pare \u00e0 un r\u00e9f\u00e9rendum constitutionnel pr\u00e9vu le 21 septembre 2025.<\/p>\n<p>Cellou Dalein Diallo a d\u00e9nonc\u00e9 une d\u00e9cision \u00ab ill\u00e9gale \u00bb et une man\u0153uvre pour restreindre l\u2019espace politique. L\u2019opposition et la soci\u00e9t\u00e9 civile voient dans cette suspension une tentative de permettre aux dirigeants actuels de se maintenir au pouvoir.<\/p>\n<p>Des recours juridiques sont annonc\u00e9s et des manifestations sont pr\u00e9vues pour d\u00e9noncer ces d\u00e9cisions. La situation inqui\u00e8te sur la stabilit\u00e9 politique du pays, alors que le bras de fer entre le pouvoir et l\u2019opposition s\u2019intensifie.<br \/>\nwww.burkinaonline.net<\/p>\n","protected":false},"excerpt":{"rendered":"<p>Conakry \u2013 La Guin\u00e9e traverse une nouvelle crise politique. Plusieurs partis politiques, dont l\u2019UFDG de&#8230;<\/p>\n","protected":false},"author":1,"featured_media":8382,"comment_status":"open","ping_status":"open","sticky":false,"template":"","format":"standard","meta":{"footnotes":""},"categories":[8,1,11],"tags":[],"class_list":["post-8380","post","type-post","status-publish","format-standard","has-post-thumbnail","hentry","category-post","category-non-classe","category-politique"],"_links":{"self":[{"href":"https:\/\/burkinaonline.net\/index.php?rest_route=\/wp\/v2\/posts\/8380","targetHints":{"allow":["GET"]}}],"collection":[{"href":"https:\/\/burkinaonline.net\/index.php?rest_route=\/wp\/v2\/posts"}],"about":[{"href":"https:\/\/burkinaonline.net\/index.php?rest_route=\/wp\/v2\/types\/post"}],"author":[{"embeddable":true,"href":"https:\/\/burkinaonline.net\/index.php?rest_route=\/wp\/v2\/users\/1"}],"replies":[{"embeddable":true,"href":"https:\/\/burkinaonline.net\/index.php?rest_route=%2Fwp%2Fv2%2Fcomments&post=8380"}],"version-history":[{"count":1,"href":"https:\/\/burkinaonline.net\/index.php?rest_route=\/wp\/v2\/posts\/8380\/revisions"}],"predecessor-version":[{"id":8383,"href":"https:\/\/burkinaonline.net\/index.php?rest_route=\/wp\/v2\/posts\/8380\/revisions\/8383"}],"wp:featuredmedia":[{"embeddable":true,"href":"https:\/\/burkinaonline.net\/index.php?rest_route=\/wp\/v2\/media\/8382"}],"wp:attachment":[{"href":"https:\/\/burkinaonline.net\/index.php?rest_route=%2Fwp%2Fv2%2Fmedia&parent=8380"}],"wp:term":[{"taxonomy":"category","embeddable":true,"href":"https:\/\/burkinaonline.net\/index.php?rest_route=%2Fwp%2Fv2%2Fcategories&post=8380"},{"taxonomy":"post_tag","embeddable":true,"href":"https:\/\/burkinaonline.net\/index.php?rest_route=%2Fwp%2Fv2%2Ftags&post=8380"}],"curies":[{"name":"wp","href":"https:\/\/api.w.org\/{rel}","templated":true}]}}