{"id":8384,"date":"2025-08-26T08:52:31","date_gmt":"2025-08-26T08:52:31","guid":{"rendered":"https:\/\/burkinaonline.net\/?p=8384"},"modified":"2025-08-26T09:10:30","modified_gmt":"2025-08-26T09:10:30","slug":"un-responsable-russe-accuse-lukraine-darmer-des-groupes-armes-terroristes-au-sahel-via-la-mauritanie","status":"publish","type":"post","link":"https:\/\/burkinaonline.net\/?p=8384","title":{"rendered":"Un responsable  russe accuse l\u2019Ukraine d\u2019armer et de soutenir des groupes arm\u00e9s terr0ristes au Sahel via la Mauritanie"},"content":{"rendered":"<p>Le directeur de la Ligue des officiers de s\u00e9curit\u00e9 internationale russe, Alexandre Ivanov, a affirm\u00e9 que du mat\u00e9riel militaire, comme des drones, ainsi que des instructeurs et des combattants ukrainiens, transiteraient par des zones frontali\u00e8res faiblement surveill\u00e9es avec la Mauritanie pour rejoindre le Sahel.<\/p>\n<p><a href=\"http:\/\/burkinaonline.net\/wp-content\/uploads\/2025\/08\/IMG_9393.jpeg\"><img fetchpriority=\"high\" decoding=\"async\" class=\"size-medium wp-image-8386 aligncenter\" src=\"http:\/\/burkinaonline.net\/wp-content\/uploads\/2025\/08\/IMG_9393-300x200.jpeg\" alt=\"\" width=\"300\" height=\"200\" srcset=\"https:\/\/burkinaonline.net\/wp-content\/uploads\/2025\/08\/IMG_9393-300x200.jpeg 300w, https:\/\/burkinaonline.net\/wp-content\/uploads\/2025\/08\/IMG_9393.jpeg 626w\" sizes=\"(max-width: 300px) 100vw, 300px\" \/><\/a><\/p>\n<p>Dans un entretien accord\u00e9 \u00e0 l\u2019agence de presse russe TASS, Ivanov a indiqu\u00e9 que les Ukrainiens m\u00e8neraient leurs activit\u00e9s en Afrique \u00ab de mani\u00e8re discr\u00e8te \u00bb, en s\u2019appuyant notamment sur leurs repr\u00e9sentations diplomatiques, dont l\u2019ambassade d\u2019Ukraine en Mauritanie, ouverte r\u00e9cemment.<\/p>\n<p>Selon lui, cette strat\u00e9gie viserait \u00e0 utiliser la couverture diplomatique pour acheminer du mat\u00e9riel militaire, des instructeurs et des combattants \u00e0 destination des groupes arm\u00e9s terroristes au Sahel et ailleurs en Afrique. Il a cit\u00e9 en exemple l\u2019Alg\u00e9rie, o\u00f9 des diplomates ukrainiens superviseraient, selon ses propos, la livraison de drones.<\/p>\n<p>Ivanov a \u00e9galement affirm\u00e9 que le transfert de formateurs, de combattants et de drones ukrainiens vers des groupes arm\u00e9s terroristes en Afrique se ferait via plusieurs ambassades ukrainiennes, notamment \u00e0 Kinshasa pour la R\u00e9publique d\u00e9mocratique du Congo, ainsi qu\u2019au Soudan, en R\u00e9publique centrafricaine, au Tchad, en Somalie, en Libye, et d\u2019autres pays.<\/p>\n<p>Pour le responsable russe, ces op\u00e9rations repr\u00e9senteraient une menace directe pour la stabilit\u00e9 des \u00c9tats africains, en particulier le Mali et le Burkina Faso.<\/p>\n<p>Il a soulign\u00e9 que l\u2019Ukraine chercherait \u00e0 cr\u00e9er de nouvelles zones d\u2019instabilit\u00e9 et \u00e0 exercer des pressions sur les pays africains ayant affirm\u00e9 leur ind\u00e9pendance vis-\u00e0-vis de l\u2019Occident.<\/p>\n<p>Ces d\u00e9clarations ont \u00e9t\u00e9 relay\u00e9es par l\u2019agence russe TASS, mais n\u2019ont pas, \u00e0 ce stade, \u00e9t\u00e9 confirm\u00e9es par des sources ind\u00e9pendantes.<\/p>\n<p>www.burkinaonline.net<\/p>\n","protected":false},"excerpt":{"rendered":"<p>Le directeur de la Ligue des officiers de s\u00e9curit\u00e9 internationale russe, Alexandre Ivanov, a affirm\u00e9&#8230;<\/p>\n","protected":false},"author":1,"featured_media":8385,"comment_status":"open","ping_status":"open","sticky":false,"template":"","format":"standard","meta":{"footnotes":""},"categories":[8,30,10,18,12],"tags":[],"class_list":["post-8384","post","type-post","status-publish","format-standard","has-post-thumbnail","hentry","category-post","category-aes","category-burkina-faso","category-international","category-terrorisme"],"_links":{"self":[{"href":"https:\/\/burkinaonline.net\/index.php?rest_route=\/wp\/v2\/posts\/8384","targetHints":{"allow":["GET"]}}],"collection":[{"href":"https:\/\/burkinaonline.net\/index.php?rest_route=\/wp\/v2\/posts"}],"about":[{"href":"https:\/\/burkinaonline.net\/index.php?rest_route=\/wp\/v2\/types\/post"}],"author":[{"embeddable":true,"href":"https:\/\/burkinaonline.net\/index.php?rest_route=\/wp\/v2\/users\/1"}],"replies":[{"embeddable":true,"href":"https:\/\/burkinaonline.net\/index.php?rest_route=%2Fwp%2Fv2%2Fcomments&post=8384"}],"version-history":[{"count":4,"href":"https:\/\/burkinaonline.net\/index.php?rest_route=\/wp\/v2\/posts\/8384\/revisions"}],"predecessor-version":[{"id":8390,"href":"https:\/\/burkinaonline.net\/index.php?rest_route=\/wp\/v2\/posts\/8384\/revisions\/8390"}],"wp:featuredmedia":[{"embeddable":true,"href":"https:\/\/burkinaonline.net\/index.php?rest_route=\/wp\/v2\/media\/8385"}],"wp:attachment":[{"href":"https:\/\/burkinaonline.net\/index.php?rest_route=%2Fwp%2Fv2%2Fmedia&parent=8384"}],"wp:term":[{"taxonomy":"category","embeddable":true,"href":"https:\/\/burkinaonline.net\/index.php?rest_route=%2Fwp%2Fv2%2Fcategories&post=8384"},{"taxonomy":"post_tag","embeddable":true,"href":"https:\/\/burkinaonline.net\/index.php?rest_route=%2Fwp%2Fv2%2Ftags&post=8384"}],"curies":[{"name":"wp","href":"https:\/\/api.w.org\/{rel}","templated":true}]}}