{"id":8391,"date":"2025-08-26T10:54:44","date_gmt":"2025-08-26T10:54:44","guid":{"rendered":"https:\/\/burkinaonline.net\/?p=8391"},"modified":"2025-08-26T10:54:44","modified_gmt":"2025-08-26T10:54:44","slug":"burkina-faso-et-onu-vers-un-partenariat-renforce-malgre-les-tensions-diplomatiques","status":"publish","type":"post","link":"https:\/\/burkinaonline.net\/?p=8391","title":{"rendered":"Burkina Faso et ONU : vers un partenariat renforc\u00e9 malgr\u00e9 les tensions diplomatiques"},"content":{"rendered":"<p class=\"p1\">Ouagadougou, 26 ao\u00fbt 2025 \u2013 Le Ministre des Affaires \u00e9trang\u00e8res, de la Coop\u00e9ration r\u00e9gionale et des Burkinab\u00e8 de l\u2019ext\u00e9rieur, Son Excellence Karamoko Jean Marie TRAORE, a re\u00e7u le 25 ao\u00fbt une d\u00e9l\u00e9gation des Nations Unies conduite par Yacoub Ali El-Hillo.<\/p>\n<p class=\"p1\"><span class=\"s1\">La rencontre a permis d\u2019\u00e9changer sur la coop\u00e9ration entre le Burkina Faso et le Syst\u00e8me des Nations Unies, ainsi que sur la r\u00e9cente d\u00e9cision du Gouvernement de d\u00e9clarer persona non grata la Coordonnatrice r\u00e9sidente, Madame Carol Flore-Smereczniak.<\/span><\/p>\n<p class=\"p1\"><span class=\"s1\">La d\u00e9l\u00e9gation onusienne a transmis les salutations du Secr\u00e9taire g\u00e9n\u00e9ral des Nations Unies et r\u00e9affirm\u00e9 son engagement \u00e0 soutenir le Burkina Faso, tout en pr\u00e9sentant Maurice AZONNANKPO, int\u00e9rimaire \u00e0 la t\u00eate de la Coordination du Syst\u00e8me des Nations Unies dans le pays.<\/span><\/p>\n<p class=\"p1\"><span class=\"s1\">Le Ministre TRAORE a expliqu\u00e9 que la d\u00e9cision de d\u00e9clarer persona non grata avait \u00e9t\u00e9 prise apr\u00e8s constatation de manquements, notamment la publication d\u2019un rapport sur la situation des enfants en crise s\u00e9curitaire, \u00e9labor\u00e9 sans concertation avec les autorit\u00e9s nationales. Il a insist\u00e9 sur le respect des institutions locales et sur la terminologie appropri\u00e9e, soulignant que le terme \u00ab terroristes \u00bb refl\u00e8te la r\u00e9alit\u00e9 mieux que \u00ab groupes arm\u00e9s non \u00e9tatiques \u00bb.<\/span><\/p>\n<p class=\"p1\"><span class=\"s1\">Tout en rappelant la l\u00e9gitimit\u00e9 de sa d\u00e9cision, le Ministre a assur\u00e9 que le Burkina Faso reste attach\u00e9 au multilat\u00e9ralisme et d\u00e9sire poursuivre un partenariat bas\u00e9 sur la confiance, la transparence et l\u2019efficacit\u00e9. Les discussions ont aussi port\u00e9 sur la mobilisation de ressources via l\u2019UNIDAP et sur l\u2019harmonisation des approches de coop\u00e9ration.<\/span><\/p>\n<p class=\"p1\"><span class=\"s1\">Une r\u00e9union \u00e9largie \u00e0 d\u2019autres membres du Gouvernement est pr\u00e9vue le 26 ao\u00fbt pour poursuivre les \u00e9changes et renforcer le partenariat entre le Burkina Faso et les Nations Unies, au service du peuple burkinab\u00e8.<\/span><\/p>\n<p class=\"p1\"><span class=\"s2\">www.burkinaonline.net<\/span><\/p>\n<p><a href=\"http:\/\/burkinaonline.net\/wp-content\/uploads\/2025\/08\/IMG_9396.jpeg\"><img fetchpriority=\"high\" decoding=\"async\" class=\"alignnone size-medium wp-image-8393\" src=\"http:\/\/burkinaonline.net\/wp-content\/uploads\/2025\/08\/IMG_9396-300x211.jpeg\" alt=\"\" width=\"300\" height=\"211\" srcset=\"https:\/\/burkinaonline.net\/wp-content\/uploads\/2025\/08\/IMG_9396-300x211.jpeg 300w, https:\/\/burkinaonline.net\/wp-content\/uploads\/2025\/08\/IMG_9396-1024x721.jpeg 1024w, https:\/\/burkinaonline.net\/wp-content\/uploads\/2025\/08\/IMG_9396-768x541.jpeg 768w, https:\/\/burkinaonline.net\/wp-content\/uploads\/2025\/08\/IMG_9396-1536x1082.jpeg 1536w, https:\/\/burkinaonline.net\/wp-content\/uploads\/2025\/08\/IMG_9396.jpeg 2048w\" sizes=\"(max-width: 300px) 100vw, 300px\" \/><\/a> <a href=\"http:\/\/burkinaonline.net\/wp-content\/uploads\/2025\/08\/IMG_9402.jpeg\"><img decoding=\"async\" class=\"alignnone size-medium wp-image-8394\" src=\"http:\/\/burkinaonline.net\/wp-content\/uploads\/2025\/08\/IMG_9402-300x226.jpeg\" alt=\"\" width=\"300\" height=\"226\" srcset=\"https:\/\/burkinaonline.net\/wp-content\/uploads\/2025\/08\/IMG_9402-300x226.jpeg 300w, https:\/\/burkinaonline.net\/wp-content\/uploads\/2025\/08\/IMG_9402-1024x771.jpeg 1024w, https:\/\/burkinaonline.net\/wp-content\/uploads\/2025\/08\/IMG_9402-768x578.jpeg 768w, https:\/\/burkinaonline.net\/wp-content\/uploads\/2025\/08\/IMG_9402-1536x1157.jpeg 1536w, https:\/\/burkinaonline.net\/wp-content\/uploads\/2025\/08\/IMG_9402.jpeg 2048w\" sizes=\"(max-width: 300px) 100vw, 300px\" \/><\/a> <a href=\"http:\/\/burkinaonline.net\/wp-content\/uploads\/2025\/08\/IMG_9401.jpeg\"><img decoding=\"async\" class=\"alignnone size-medium wp-image-8395\" src=\"http:\/\/burkinaonline.net\/wp-content\/uploads\/2025\/08\/IMG_9401-300x191.jpeg\" alt=\"\" width=\"300\" height=\"191\" srcset=\"https:\/\/burkinaonline.net\/wp-content\/uploads\/2025\/08\/IMG_9401-300x191.jpeg 300w, https:\/\/burkinaonline.net\/wp-content\/uploads\/2025\/08\/IMG_9401-1024x652.jpeg 1024w, https:\/\/burkinaonline.net\/wp-content\/uploads\/2025\/08\/IMG_9401-768x489.jpeg 768w, https:\/\/burkinaonline.net\/wp-content\/uploads\/2025\/08\/IMG_9401-1536x978.jpeg 1536w, https:\/\/burkinaonline.net\/wp-content\/uploads\/2025\/08\/IMG_9401-1115x715.jpeg 1115w, https:\/\/burkinaonline.net\/wp-content\/uploads\/2025\/08\/IMG_9401.jpeg 2048w\" sizes=\"(max-width: 300px) 100vw, 300px\" \/><\/a><\/p>\n","protected":false},"excerpt":{"rendered":"<p>Ouagadougou, 26 ao\u00fbt 2025 \u2013 Le Ministre des Affaires \u00e9trang\u00e8res, de la Coop\u00e9ration r\u00e9gionale et&#8230;<\/p>\n","protected":false},"author":1,"featured_media":8392,"comment_status":"open","ping_status":"open","sticky":false,"template":"","format":"standard","meta":{"footnotes":""},"categories":[8,10,18],"tags":[],"class_list":["post-8391","post","type-post","status-publish","format-standard","has-post-thumbnail","hentry","category-post","category-burkina-faso","category-international"],"_links":{"self":[{"href":"https:\/\/burkinaonline.net\/index.php?rest_route=\/wp\/v2\/posts\/8391","targetHints":{"allow":["GET"]}}],"collection":[{"href":"https:\/\/burkinaonline.net\/index.php?rest_route=\/wp\/v2\/posts"}],"about":[{"href":"https:\/\/burkinaonline.net\/index.php?rest_route=\/wp\/v2\/types\/post"}],"author":[{"embeddable":true,"href":"https:\/\/burkinaonline.net\/index.php?rest_route=\/wp\/v2\/users\/1"}],"replies":[{"embeddable":true,"href":"https:\/\/burkinaonline.net\/index.php?rest_route=%2Fwp%2Fv2%2Fcomments&post=8391"}],"version-history":[{"count":1,"href":"https:\/\/burkinaonline.net\/index.php?rest_route=\/wp\/v2\/posts\/8391\/revisions"}],"predecessor-version":[{"id":8396,"href":"https:\/\/burkinaonline.net\/index.php?rest_route=\/wp\/v2\/posts\/8391\/revisions\/8396"}],"wp:featuredmedia":[{"embeddable":true,"href":"https:\/\/burkinaonline.net\/index.php?rest_route=\/wp\/v2\/media\/8392"}],"wp:attachment":[{"href":"https:\/\/burkinaonline.net\/index.php?rest_route=%2Fwp%2Fv2%2Fmedia&parent=8391"}],"wp:term":[{"taxonomy":"category","embeddable":true,"href":"https:\/\/burkinaonline.net\/index.php?rest_route=%2Fwp%2Fv2%2Fcategories&post=8391"},{"taxonomy":"post_tag","embeddable":true,"href":"https:\/\/burkinaonline.net\/index.php?rest_route=%2Fwp%2Fv2%2Ftags&post=8391"}],"curies":[{"name":"wp","href":"https:\/\/api.w.org\/{rel}","templated":true}]}}