{"id":8397,"date":"2025-08-26T14:35:22","date_gmt":"2025-08-26T14:35:22","guid":{"rendered":"https:\/\/burkinaonline.net\/?p=8397"},"modified":"2025-08-26T14:35:22","modified_gmt":"2025-08-26T14:35:22","slug":"presidentielle-2025-en-cote-divoire-alassane-ouattara-depose-sa-candidature","status":"publish","type":"post","link":"https:\/\/burkinaonline.net\/?p=8397","title":{"rendered":"Pr\u00e9sidentielle 2025 en C\u00f4te d\u2019Ivoire : Alassane Ouattara d\u00e9pose sa candidature"},"content":{"rendered":"<p>Abidjan, 26 ao\u00fbt 2025 \u2013 Le pr\u00e9sident ivoirien Alassane Ouattara a officiellement d\u00e9pos\u00e9 son dossier de candidature aupr\u00e8s de la Commission \u00e9lectorale ind\u00e9pendante (CEI) pour l\u2019\u00e9lection pr\u00e9sidentielle pr\u00e9vue en octobre 2025.<\/p>\n<p>La c\u00e9r\u00e9monie s\u2019est tenue \u00e0 Cocody, au si\u00e8ge de la CEI, en pr\u00e9sence de nombreux militants et responsables du Rassemblement des houphou\u00ebtistes pour la d\u00e9mocratie et la paix (RHDP).<\/p>\n<p>Alassane Ouattara avait d\u00e9j\u00e0 annonc\u00e9, fin juillet, son intention de briguer un quatri\u00e8me mandat, r\u00e9pondant selon lui \u00e0 l\u2019appel de son parti et de ses partisans.<\/p>\n<p>Avec ce d\u00e9p\u00f4t, le chef de l\u2019\u00c9tat rejoint la liste des candidats d\u00e9clar\u00e9s, parmi lesquels figurent notamment Laurent Gbagbo et d\u2019autres personnalit\u00e9s de l\u2019opposition.<\/p>\n<p>La CEI poursuivra dans les prochains jours l\u2019examen des dossiers de candidature en vue de publier la liste officielle des candidats retenus pour l\u2019\u00e9lection pr\u00e9sidentielle d\u2019octobre 2025.<\/p>\n<p>www.burkinaonline.net<\/p>\n","protected":false},"excerpt":{"rendered":"<p>Abidjan, 26 ao\u00fbt 2025 \u2013 Le pr\u00e9sident ivoirien Alassane Ouattara a officiellement d\u00e9pos\u00e9 son dossier&#8230;<\/p>\n","protected":false},"author":1,"featured_media":8398,"comment_status":"open","ping_status":"open","sticky":false,"template":"","format":"standard","meta":{"footnotes":""},"categories":[8,11],"tags":[],"class_list":["post-8397","post","type-post","status-publish","format-standard","has-post-thumbnail","hentry","category-post","category-politique"],"_links":{"self":[{"href":"https:\/\/burkinaonline.net\/index.php?rest_route=\/wp\/v2\/posts\/8397","targetHints":{"allow":["GET"]}}],"collection":[{"href":"https:\/\/burkinaonline.net\/index.php?rest_route=\/wp\/v2\/posts"}],"about":[{"href":"https:\/\/burkinaonline.net\/index.php?rest_route=\/wp\/v2\/types\/post"}],"author":[{"embeddable":true,"href":"https:\/\/burkinaonline.net\/index.php?rest_route=\/wp\/v2\/users\/1"}],"replies":[{"embeddable":true,"href":"https:\/\/burkinaonline.net\/index.php?rest_route=%2Fwp%2Fv2%2Fcomments&post=8397"}],"version-history":[{"count":1,"href":"https:\/\/burkinaonline.net\/index.php?rest_route=\/wp\/v2\/posts\/8397\/revisions"}],"predecessor-version":[{"id":8399,"href":"https:\/\/burkinaonline.net\/index.php?rest_route=\/wp\/v2\/posts\/8397\/revisions\/8399"}],"wp:featuredmedia":[{"embeddable":true,"href":"https:\/\/burkinaonline.net\/index.php?rest_route=\/wp\/v2\/media\/8398"}],"wp:attachment":[{"href":"https:\/\/burkinaonline.net\/index.php?rest_route=%2Fwp%2Fv2%2Fmedia&parent=8397"}],"wp:term":[{"taxonomy":"category","embeddable":true,"href":"https:\/\/burkinaonline.net\/index.php?rest_route=%2Fwp%2Fv2%2Fcategories&post=8397"},{"taxonomy":"post_tag","embeddable":true,"href":"https:\/\/burkinaonline.net\/index.php?rest_route=%2Fwp%2Fv2%2Ftags&post=8397"}],"curies":[{"name":"wp","href":"https:\/\/api.w.org\/{rel}","templated":true}]}}