{"id":8400,"date":"2025-08-27T10:03:05","date_gmt":"2025-08-27T10:03:05","guid":{"rendered":"https:\/\/burkinaonline.net\/?p=8400"},"modified":"2025-08-27T10:03:05","modified_gmt":"2025-08-27T10:03:05","slug":"paris-deux-mineurs-arretes-pour-un-projet-dattentat-terroriste-contre-la-tour-eiffel","status":"publish","type":"post","link":"https:\/\/burkinaonline.net\/?p=8400","title":{"rendered":"Paris : Deux mineurs arr\u00eat\u00e9s pour un projet d\u2019attentat terroriste  contre la Tour Eiffel"},"content":{"rendered":"<p class=\"p1\">Deux adolescents, \u00e2g\u00e9s de 15 et 17 ans, ont \u00e9t\u00e9 interpell\u00e9s fin juillet 2025 en r\u00e9gion parisienne, soup\u00e7onn\u00e9s de pr\u00e9parer un attentat contre la Tour Eiffel ainsi que contre plusieurs synagogues. Radicalis\u00e9s et influenc\u00e9s par des contenus djihadistes en ligne, ils avaient \u00e9chang\u00e9 via des messageries chiffr\u00e9es et entrepris des d\u00e9marches pour se procurer des armes.<\/p>\n<p class=\"p1\"><span class=\"s1\">Mis en examen d\u00e9but ao\u00fbt pour \u00ab association de malfaiteurs terroriste criminelle \u00bb, les deux mineurs ont \u00e9t\u00e9 plac\u00e9s sous contr\u00f4le judiciaire. Cette affaire illustre une tendance inqui\u00e9tante : depuis 2023, plusieurs mineurs en France ont \u00e9t\u00e9 impliqu\u00e9s dans des projets terroristes, refl\u00e9tant une nouvelle g\u00e9n\u00e9ration de jeunes radicalis\u00e9s.<\/span><\/p>\n<p class=\"p1\"><span class=\"s1\">Les autorit\u00e9s continuent de surveiller de pr\u00e8s les r\u00e9seaux susceptibles de radicaliser les mineurs et appellent \u00e0 la vigilance des familles et des \u00e9tablissements scolaires.<\/span><\/p>\n<p>www.burkinaonline.net<\/p>\n","protected":false},"excerpt":{"rendered":"<p>Deux adolescents, \u00e2g\u00e9s de 15 et 17 ans, ont \u00e9t\u00e9 interpell\u00e9s fin juillet 2025 en&#8230;<\/p>\n","protected":false},"author":1,"featured_media":8401,"comment_status":"open","ping_status":"open","sticky":false,"template":"","format":"standard","meta":{"footnotes":""},"categories":[8,18,12],"tags":[],"class_list":["post-8400","post","type-post","status-publish","format-standard","has-post-thumbnail","hentry","category-post","category-international","category-terrorisme"],"_links":{"self":[{"href":"https:\/\/burkinaonline.net\/index.php?rest_route=\/wp\/v2\/posts\/8400","targetHints":{"allow":["GET"]}}],"collection":[{"href":"https:\/\/burkinaonline.net\/index.php?rest_route=\/wp\/v2\/posts"}],"about":[{"href":"https:\/\/burkinaonline.net\/index.php?rest_route=\/wp\/v2\/types\/post"}],"author":[{"embeddable":true,"href":"https:\/\/burkinaonline.net\/index.php?rest_route=\/wp\/v2\/users\/1"}],"replies":[{"embeddable":true,"href":"https:\/\/burkinaonline.net\/index.php?rest_route=%2Fwp%2Fv2%2Fcomments&post=8400"}],"version-history":[{"count":1,"href":"https:\/\/burkinaonline.net\/index.php?rest_route=\/wp\/v2\/posts\/8400\/revisions"}],"predecessor-version":[{"id":8402,"href":"https:\/\/burkinaonline.net\/index.php?rest_route=\/wp\/v2\/posts\/8400\/revisions\/8402"}],"wp:featuredmedia":[{"embeddable":true,"href":"https:\/\/burkinaonline.net\/index.php?rest_route=\/wp\/v2\/media\/8401"}],"wp:attachment":[{"href":"https:\/\/burkinaonline.net\/index.php?rest_route=%2Fwp%2Fv2%2Fmedia&parent=8400"}],"wp:term":[{"taxonomy":"category","embeddable":true,"href":"https:\/\/burkinaonline.net\/index.php?rest_route=%2Fwp%2Fv2%2Fcategories&post=8400"},{"taxonomy":"post_tag","embeddable":true,"href":"https:\/\/burkinaonline.net\/index.php?rest_route=%2Fwp%2Fv2%2Ftags&post=8400"}],"curies":[{"name":"wp","href":"https:\/\/api.w.org\/{rel}","templated":true}]}}