{"id":8412,"date":"2025-08-28T09:44:25","date_gmt":"2025-08-28T09:44:25","guid":{"rendered":"https:\/\/burkinaonline.net\/?p=8412"},"modified":"2025-08-28T09:44:25","modified_gmt":"2025-08-28T09:44:25","slug":"sahel-washington-propose-daider-a-eliminer-les-chefs-terroristes-en-echange-des-ressources-minieres","status":"publish","type":"post","link":"https:\/\/burkinaonline.net\/?p=8412","title":{"rendered":"Sahel : Washington propose d\u2019aider \u00e0 \u00e9liminer les chefs terroristes en \u00e9change des ressources mini\u00e8res"},"content":{"rendered":"<p class=\"p1\">Les \u00c9tats-Unis ont r\u00e9cemment multipli\u00e9 les contacts avec les autorit\u00e9s de l\u2019AES (Alliance des \u00c9tats du Sahel). Selon plusieurs sources diplomatiques, Washington aurait sugg\u00e9r\u00e9 une formule in\u00e9dite : aider \u00e0 \u00e9liminer les chefs terroristes en \u00e9change d\u2019un acc\u00e8s privil\u00e9gi\u00e9 aux ressources naturelles, notamment l\u2019or et le lithium, dont la r\u00e9gion regorge.<\/p>\n<p><a href=\"http:\/\/burkinaonline.net\/wp-content\/uploads\/2025\/08\/IMG_9482.jpeg\"><img fetchpriority=\"high\" decoding=\"async\" class=\"size-medium wp-image-8414 aligncenter\" src=\"http:\/\/burkinaonline.net\/wp-content\/uploads\/2025\/08\/IMG_9482-300x225.jpeg\" alt=\"\" width=\"300\" height=\"225\" srcset=\"https:\/\/burkinaonline.net\/wp-content\/uploads\/2025\/08\/IMG_9482-300x225.jpeg 300w, https:\/\/burkinaonline.net\/wp-content\/uploads\/2025\/08\/IMG_9482.jpeg 480w\" sizes=\"(max-width: 300px) 100vw, 300px\" \/><\/a><\/p>\n<p class=\"p1\"><span class=\"s1\">Une strat\u00e9gie de l\u2019\u00e8re Trump<\/span><\/p>\n<p class=\"p1\"><span class=\"s1\">Cette approche s\u2019inscrit dans la ligne directrice lanc\u00e9e par l\u2019administration Trump : <\/span><span class=\"s2\">\u00ab du commerce, pas de l\u2019aide \u00bb<\/span><span class=\"s1\">. Plut\u00f4t que de miser uniquement sur l\u2019assistance humanitaire ou la coop\u00e9ration s\u00e9curitaire classique, les Am\u00e9ricains chercheraient d\u00e9sormais \u00e0 \u00e9tablir un partenariat donnant-donnant avec les autorit\u00e9s en place au Mali, au Burkina Faso et au Niger.<\/span><\/p>\n<p class=\"p1\"><span class=\"s1\">Ressources contre s\u00e9curit\u00e9<\/span><\/p>\n<p class=\"p1\"><span class=\"s1\">Les discussions portent sur un troc implicite : neutralisation des chefs terroristes contre ouverture du march\u00e9 minier aux compagnies am\u00e9ricaines. Un \u00e9change qui suscite autant d\u2019int\u00e9r\u00eat que de m\u00e9fiance. Pour certains observateurs, l\u2019offre r\u00e9pond \u00e0 un double objectif : enrayer la mont\u00e9e des groupes arm\u00e9s tout en garantissant aux \u00c9tats-Unis une place strat\u00e9gique dans l\u2019exploitation des minerais convoit\u00e9s par la Chine et la Russie.<\/span><\/p>\n<p class=\"p1\"><span class=\"s1\">Une diplomatie aux effets incertains<\/span><\/p>\n<p class=\"p1\"><span class=\"s1\">Si cette proposition traduit un pragmatisme assum\u00e9, elle pourrait aussi raviver des critiques sur l\u2019exploitation des richesses africaines par les grandes puissances. Reste \u00e0 savoir si les gouvernements sah\u00e9liens, d\u00e9j\u00e0 engag\u00e9s dans une red\u00e9finition de leurs alliances, accepteront un tel march\u00e9.<\/span><\/p>\n<p class=\"p1\"><span class=\"s1\">Gildas Kinda <\/span><\/p>\n<p class=\"p1\"><span class=\"s1\">www.burkinaonline.net<\/span><\/p>\n","protected":false},"excerpt":{"rendered":"<p>Les \u00c9tats-Unis ont r\u00e9cemment multipli\u00e9 les contacts avec les autorit\u00e9s de l\u2019AES (Alliance des \u00c9tats&#8230;<\/p>\n","protected":false},"author":1,"featured_media":8413,"comment_status":"open","ping_status":"open","sticky":false,"template":"","format":"standard","meta":{"footnotes":""},"categories":[8,30,10,18,11,13,12],"tags":[],"class_list":["post-8412","post","type-post","status-publish","format-standard","has-post-thumbnail","hentry","category-post","category-aes","category-burkina-faso","category-international","category-politique","category-societe","category-terrorisme"],"_links":{"self":[{"href":"https:\/\/burkinaonline.net\/index.php?rest_route=\/wp\/v2\/posts\/8412","targetHints":{"allow":["GET"]}}],"collection":[{"href":"https:\/\/burkinaonline.net\/index.php?rest_route=\/wp\/v2\/posts"}],"about":[{"href":"https:\/\/burkinaonline.net\/index.php?rest_route=\/wp\/v2\/types\/post"}],"author":[{"embeddable":true,"href":"https:\/\/burkinaonline.net\/index.php?rest_route=\/wp\/v2\/users\/1"}],"replies":[{"embeddable":true,"href":"https:\/\/burkinaonline.net\/index.php?rest_route=%2Fwp%2Fv2%2Fcomments&post=8412"}],"version-history":[{"count":1,"href":"https:\/\/burkinaonline.net\/index.php?rest_route=\/wp\/v2\/posts\/8412\/revisions"}],"predecessor-version":[{"id":8415,"href":"https:\/\/burkinaonline.net\/index.php?rest_route=\/wp\/v2\/posts\/8412\/revisions\/8415"}],"wp:featuredmedia":[{"embeddable":true,"href":"https:\/\/burkinaonline.net\/index.php?rest_route=\/wp\/v2\/media\/8413"}],"wp:attachment":[{"href":"https:\/\/burkinaonline.net\/index.php?rest_route=%2Fwp%2Fv2%2Fmedia&parent=8412"}],"wp:term":[{"taxonomy":"category","embeddable":true,"href":"https:\/\/burkinaonline.net\/index.php?rest_route=%2Fwp%2Fv2%2Fcategories&post=8412"},{"taxonomy":"post_tag","embeddable":true,"href":"https:\/\/burkinaonline.net\/index.php?rest_route=%2Fwp%2Fv2%2Ftags&post=8412"}],"curies":[{"name":"wp","href":"https:\/\/api.w.org\/{rel}","templated":true}]}}