{"id":8421,"date":"2025-08-29T07:03:11","date_gmt":"2025-08-29T07:03:11","guid":{"rendered":"https:\/\/burkinaonline.net\/?p=8421"},"modified":"2025-08-29T07:03:11","modified_gmt":"2025-08-29T07:03:11","slug":"ghana-john-mahama-confirme-quil-ne-sera-pas-candidat-en-2028","status":"publish","type":"post","link":"https:\/\/burkinaonline.net\/?p=8421","title":{"rendered":"Ghana : John Mahama confirme qu\u2019il ne sera pas candidat en 2028"},"content":{"rendered":"<p class=\"p1\">Le pr\u00e9sident ghan\u00e9en John Dramani Mahama a annonc\u00e9 qu\u2019il ne se pr\u00e9sentera pas aux \u00e9lections de 2028. Au-del\u00e0 de sa volont\u00e9 affich\u00e9e de pr\u00e9server la discipline budg\u00e9taire, c\u2019est surtout la Constitution de 1992 qui ferme d\u00e9finitivement la porte \u00e0 une nouvelle candidature.<\/p>\n<p class=\"p1\"><span class=\"s1\">L\u2019article 66(2) stipule sans \u00e9quivoque : <\/span><span class=\"s2\">\u00ab Nul ne peut \u00eatre \u00e9lu \u00e0 la pr\u00e9sidence du Ghana plus de deux fois \u00bb<\/span><span class=\"s1\">. La disposition ne distingue pas entre mandats cons\u00e9cutifs ou non : deux mandats suffisent pour atteindre la limite, point final.<\/span><\/p>\n<p class=\"p1\"><span class=\"s1\">Cette lecture a \u00e9t\u00e9 confirm\u00e9e par des juristes de haut rang. Le juge Dennis Adjei, membre de la Cour d\u2019appel, l\u2019a r\u00e9sum\u00e9 ainsi : <\/span><span class=\"s2\">\u00ab La Constitution est claire : aucun pr\u00e9sident ne peut briguer plus de deux mandats \u00bb<\/span><span class=\"s1\">.<\/span><\/p>\n<p class=\"p1\"><span class=\"s1\">En outre, cette clause est dite \u201centrenched\u201d (prot\u00e9g\u00e9e). Elle ne pourrait \u00eatre modifi\u00e9e qu\u2019au prix d\u2019un processus lourd : avis du Conseil d\u2019\u00c9tat, vote des deux tiers du Parlement, puis r\u00e9f\u00e9rendum national avec au moins 40 % de participation et 75 % de votes favorables. Autant dire une r\u00e9vision presque impraticable.<\/span><\/p>\n<p class=\"p1\"><span class=\"s1\">En cons\u00e9quence, m\u00eame s\u2019il le souhaitait, Mahama n\u2019a pas le droit l\u00e9gal de se repr\u00e9senter. Son retrait des \u00e9lections de 2028 n\u2019est donc pas seulement une d\u00e9cision politique, mais une exigence constitutionnelle.<\/span><\/p>\n<p>www.burkinaonline.net<\/p>\n","protected":false},"excerpt":{"rendered":"<p>Le pr\u00e9sident ghan\u00e9en John Dramani Mahama a annonc\u00e9 qu\u2019il ne se pr\u00e9sentera pas aux \u00e9lections&#8230;<\/p>\n","protected":false},"author":1,"featured_media":8422,"comment_status":"open","ping_status":"open","sticky":false,"template":"","format":"standard","meta":{"footnotes":""},"categories":[8,11],"tags":[],"class_list":["post-8421","post","type-post","status-publish","format-standard","has-post-thumbnail","hentry","category-post","category-politique"],"_links":{"self":[{"href":"https:\/\/burkinaonline.net\/index.php?rest_route=\/wp\/v2\/posts\/8421","targetHints":{"allow":["GET"]}}],"collection":[{"href":"https:\/\/burkinaonline.net\/index.php?rest_route=\/wp\/v2\/posts"}],"about":[{"href":"https:\/\/burkinaonline.net\/index.php?rest_route=\/wp\/v2\/types\/post"}],"author":[{"embeddable":true,"href":"https:\/\/burkinaonline.net\/index.php?rest_route=\/wp\/v2\/users\/1"}],"replies":[{"embeddable":true,"href":"https:\/\/burkinaonline.net\/index.php?rest_route=%2Fwp%2Fv2%2Fcomments&post=8421"}],"version-history":[{"count":1,"href":"https:\/\/burkinaonline.net\/index.php?rest_route=\/wp\/v2\/posts\/8421\/revisions"}],"predecessor-version":[{"id":8423,"href":"https:\/\/burkinaonline.net\/index.php?rest_route=\/wp\/v2\/posts\/8421\/revisions\/8423"}],"wp:featuredmedia":[{"embeddable":true,"href":"https:\/\/burkinaonline.net\/index.php?rest_route=\/wp\/v2\/media\/8422"}],"wp:attachment":[{"href":"https:\/\/burkinaonline.net\/index.php?rest_route=%2Fwp%2Fv2%2Fmedia&parent=8421"}],"wp:term":[{"taxonomy":"category","embeddable":true,"href":"https:\/\/burkinaonline.net\/index.php?rest_route=%2Fwp%2Fv2%2Fcategories&post=8421"},{"taxonomy":"post_tag","embeddable":true,"href":"https:\/\/burkinaonline.net\/index.php?rest_route=%2Fwp%2Fv2%2Ftags&post=8421"}],"curies":[{"name":"wp","href":"https:\/\/api.w.org\/{rel}","templated":true}]}}