{"id":8424,"date":"2025-08-31T09:41:09","date_gmt":"2025-08-31T09:41:09","guid":{"rendered":"https:\/\/burkinaonline.net\/?p=8424"},"modified":"2025-08-31T09:41:09","modified_gmt":"2025-08-31T09:41:09","slug":"benin-romuald-wadagni-designe-candidat-de-la-majorite-presidentielle-pour-2026","status":"publish","type":"post","link":"https:\/\/burkinaonline.net\/?p=8424","title":{"rendered":"B\u00e9nin : Romuald Wadagni d\u00e9sign\u00e9 candidat de la majorit\u00e9 pr\u00e9sidentielle pour 2026"},"content":{"rendered":"<p>La succession de Patrice Talon est d\u00e9sormais clarifi\u00e9e. Le dimanche 31 ao\u00fbt 2025, l\u2019Union Progressiste pour le Renouveau (UPR) et le Bloc R\u00e9publicain (BR), principales formations de la mouvance pr\u00e9sidentielle, ont officiellement d\u00e9sign\u00e9 Romuald Wadagni, actuel ministre d\u2019\u00c9tat charg\u00e9 de l\u2019\u00c9conomie et des Finances, comme candidat \u00e0 l\u2019\u00e9lection pr\u00e9sidentielle du 12 avril 2026.<\/p>\n<p>Cette d\u00e9cision met fin aux sp\u00e9culations sur l\u2019identit\u00e9 du dauphin de Patrice Talon, qui a r\u00e9affirm\u00e9 \u00e0 plusieurs reprises son intention de ne pas briguer un troisi\u00e8me mandat. Romuald Wadagni, reconnu pour sa rigueur technocratique et son r\u00f4le central dans les r\u00e9formes \u00e9conomiques du B\u00e9nin, appara\u00eet d\u00e9sormais comme le porte-\u00e9tendard de la continuit\u00e9 du r\u00e9gime actuel.<\/p>\n<p>Du c\u00f4t\u00e9 de l\u2019opposition, les r\u00e9actions oscillent entre scepticisme et appel \u00e0 une v\u00e9ritable alternance d\u00e9mocratique. Plusieurs figures de l\u2019opposition annoncent d\u00e9j\u00e0 leur intention de pr\u00e9senter un candidat face au choix du pouvoir, promettant une bataille \u00e9lectorale disput\u00e9e.<\/p>\n<p>L\u2019\u00e9lection pr\u00e9sidentielle de 2026 s\u2019annonce ainsi comme un tournant politique majeur pour le B\u00e9nin, entre continuit\u00e9 \u00e9conomique et aspiration \u00e0 l\u2019alternance.<br \/>\nGildas Kinda<br \/>\nwww.burkinaonline.net<br \/>\n#BurkinaOnline<\/p>\n","protected":false},"excerpt":{"rendered":"<p>La succession de Patrice Talon est d\u00e9sormais clarifi\u00e9e. Le dimanche 31 ao\u00fbt 2025, l\u2019Union Progressiste&#8230;<\/p>\n","protected":false},"author":1,"featured_media":8425,"comment_status":"open","ping_status":"open","sticky":false,"template":"","format":"standard","meta":{"footnotes":""},"categories":[8,11],"tags":[],"class_list":["post-8424","post","type-post","status-publish","format-standard","has-post-thumbnail","hentry","category-post","category-politique"],"_links":{"self":[{"href":"https:\/\/burkinaonline.net\/index.php?rest_route=\/wp\/v2\/posts\/8424","targetHints":{"allow":["GET"]}}],"collection":[{"href":"https:\/\/burkinaonline.net\/index.php?rest_route=\/wp\/v2\/posts"}],"about":[{"href":"https:\/\/burkinaonline.net\/index.php?rest_route=\/wp\/v2\/types\/post"}],"author":[{"embeddable":true,"href":"https:\/\/burkinaonline.net\/index.php?rest_route=\/wp\/v2\/users\/1"}],"replies":[{"embeddable":true,"href":"https:\/\/burkinaonline.net\/index.php?rest_route=%2Fwp%2Fv2%2Fcomments&post=8424"}],"version-history":[{"count":1,"href":"https:\/\/burkinaonline.net\/index.php?rest_route=\/wp\/v2\/posts\/8424\/revisions"}],"predecessor-version":[{"id":8426,"href":"https:\/\/burkinaonline.net\/index.php?rest_route=\/wp\/v2\/posts\/8424\/revisions\/8426"}],"wp:featuredmedia":[{"embeddable":true,"href":"https:\/\/burkinaonline.net\/index.php?rest_route=\/wp\/v2\/media\/8425"}],"wp:attachment":[{"href":"https:\/\/burkinaonline.net\/index.php?rest_route=%2Fwp%2Fv2%2Fmedia&parent=8424"}],"wp:term":[{"taxonomy":"category","embeddable":true,"href":"https:\/\/burkinaonline.net\/index.php?rest_route=%2Fwp%2Fv2%2Fcategories&post=8424"},{"taxonomy":"post_tag","embeddable":true,"href":"https:\/\/burkinaonline.net\/index.php?rest_route=%2Fwp%2Fv2%2Ftags&post=8424"}],"curies":[{"name":"wp","href":"https:\/\/api.w.org\/{rel}","templated":true}]}}