{"id":8440,"date":"2025-09-04T08:09:55","date_gmt":"2025-09-04T08:09:55","guid":{"rendered":"https:\/\/burkinaonline.net\/?p=8440"},"modified":"2025-09-04T08:09:55","modified_gmt":"2025-09-04T08:09:55","slug":"crise-politique-en-france-les-appels-a-la-demission-de-macron-sintensifient","status":"publish","type":"post","link":"https:\/\/burkinaonline.net\/?p=8440","title":{"rendered":"Crise politique en France : les appels \u00e0 la d\u00e9mission de Macron s\u2019intensifient"},"content":{"rendered":"<p class=\"p2\"><span class=\"s1\">Depuis plusieurs semaines, le climat politique fran\u00e7ais est marqu\u00e9 par une mont\u00e9e des tensions autour de l\u2019avenir du pr\u00e9sident Emmanuel Macron. De nombreuses figures, issues aussi bien de la droite que de la gauche, appellent ouvertement \u00e0 sa d\u00e9mission.<\/span><\/p>\n<p class=\"p2\"><span class=\"s1\">Des appels venus de tous horizons<\/span><\/p>\n<p class=\"p2\"><span class=\"s1\">\u00c0 droite, des responsables comme Jean-Fran\u00e7ois Cop\u00e9 et David Lisnard estiment que la situation institutionnelle justifierait un d\u00e9part anticip\u00e9, \u00e9voquant m\u00eame la perspective d\u2019\u00e9lections pr\u00e9sidentielles organis\u00e9es d\u00e8s 2026. Val\u00e9rie P\u00e9cresse, pour sa part, juge qu\u2019une telle issue serait \u00ab souhaitable \u00bb afin de d\u00e9bloquer l\u2019impasse actuelle.<\/span><\/p>\n<p class=\"p2\"><span class=\"s1\">Du c\u00f4t\u00e9 de l\u2019extr\u00eame droite, Sarah Knafo (RN) estime que \u00ab la seule solution \u00bb pour sortir de la crise est la d\u00e9mission du pr\u00e9sident, qu\u2019elle consid\u00e8re comme l\u2019origine du blocage.<\/span><\/p>\n<p class=\"p2\"><span class=\"s1\">\u00c0 gauche, la pression est tout aussi forte. Jean-Luc M\u00e9lenchon et plusieurs \u00e9lus de La France insoumise, dont Manuel Bompard et Fran\u00e7ois Ruffin, affirment qu\u2019Emmanuel Macron a perdu sa l\u00e9gitimit\u00e9 et qu\u2019il repr\u00e9sente d\u00e9sormais un \u00ab verrou \u00bb emp\u00eachant toute recomposition politique. Certains vont m\u00eame plus loin en appelant \u00e0 sa destitution.<\/span><\/p>\n<p class=\"p2\"><span class=\"s1\">La r\u00e9ponse de l\u2019\u00c9lys\u00e9e<\/span><\/p>\n<p class=\"p2\"><span class=\"s1\">Face \u00e0 ces appels r\u00e9p\u00e9t\u00e9s, Emmanuel Macron a clairement \u00e9cart\u00e9 l\u2019hypoth\u00e8se d\u2019une d\u00e9mission. Fin ao\u00fbt, il a assur\u00e9 qu\u2019il irait \u00ab jusqu\u2019au bout \u00bb de son mandat, pr\u00e9vu pour s\u2019achever en 2027. Le chef de l\u2019\u00c9tat mise sur la stabilit\u00e9 institutionnelle et estime que quitter le pouvoir pr\u00e9matur\u00e9ment fragiliserait encore davantage la France.<\/span><\/p>\n<p class=\"p2\"><span class=\"s1\">Une crise institutionnelle in\u00e9dite<\/span><\/p>\n<p class=\"p2\"><span class=\"s1\">Cette confrontation r\u00e9v\u00e8le une fracture profonde : d\u2019un c\u00f4t\u00e9, une partie de la classe politique et de l\u2019opinion publique qui r\u00e9clame une sortie de crise par un renouvellement du mandat pr\u00e9sidentiel ; de l\u2019autre, un pr\u00e9sident d\u00e9termin\u00e9 \u00e0 rester en place malgr\u00e9 la contestation.<\/span><\/p>\n<p class=\"p2\"><span class=\"s1\">L\u2019avenir imm\u00e9diat d\u00e9pendra de la capacit\u00e9 d\u2019Emmanuel Macron \u00e0 surmonter les blocages institutionnels et \u00e0 rassembler une majorit\u00e9 pour gouverner. En attendant, les appels \u00e0 la d\u00e9mission, venus de tous bords, alimentent un climat politique tendu et in\u00e9dit sous la Ve R\u00e9publique.<\/span><\/p>\n<p class=\"p2\"><span class=\"s1\">Gilda Kinda <\/span><\/p>\n<p class=\"p2\"><span class=\"s2\">www.burkinaonline.net<\/span><\/p>\n","protected":false},"excerpt":{"rendered":"<p>Depuis plusieurs semaines, le climat politique fran\u00e7ais est marqu\u00e9 par une mont\u00e9e des tensions autour&#8230;<\/p>\n","protected":false},"author":1,"featured_media":8441,"comment_status":"open","ping_status":"open","sticky":false,"template":"","format":"standard","meta":{"footnotes":""},"categories":[8,18,11],"tags":[],"class_list":["post-8440","post","type-post","status-publish","format-standard","has-post-thumbnail","hentry","category-post","category-international","category-politique"],"_links":{"self":[{"href":"https:\/\/burkinaonline.net\/index.php?rest_route=\/wp\/v2\/posts\/8440","targetHints":{"allow":["GET"]}}],"collection":[{"href":"https:\/\/burkinaonline.net\/index.php?rest_route=\/wp\/v2\/posts"}],"about":[{"href":"https:\/\/burkinaonline.net\/index.php?rest_route=\/wp\/v2\/types\/post"}],"author":[{"embeddable":true,"href":"https:\/\/burkinaonline.net\/index.php?rest_route=\/wp\/v2\/users\/1"}],"replies":[{"embeddable":true,"href":"https:\/\/burkinaonline.net\/index.php?rest_route=%2Fwp%2Fv2%2Fcomments&post=8440"}],"version-history":[{"count":1,"href":"https:\/\/burkinaonline.net\/index.php?rest_route=\/wp\/v2\/posts\/8440\/revisions"}],"predecessor-version":[{"id":8442,"href":"https:\/\/burkinaonline.net\/index.php?rest_route=\/wp\/v2\/posts\/8440\/revisions\/8442"}],"wp:featuredmedia":[{"embeddable":true,"href":"https:\/\/burkinaonline.net\/index.php?rest_route=\/wp\/v2\/media\/8441"}],"wp:attachment":[{"href":"https:\/\/burkinaonline.net\/index.php?rest_route=%2Fwp%2Fv2%2Fmedia&parent=8440"}],"wp:term":[{"taxonomy":"category","embeddable":true,"href":"https:\/\/burkinaonline.net\/index.php?rest_route=%2Fwp%2Fv2%2Fcategories&post=8440"},{"taxonomy":"post_tag","embeddable":true,"href":"https:\/\/burkinaonline.net\/index.php?rest_route=%2Fwp%2Fv2%2Ftags&post=8440"}],"curies":[{"name":"wp","href":"https:\/\/api.w.org\/{rel}","templated":true}]}}