{"id":8449,"date":"2025-09-04T11:23:29","date_gmt":"2025-09-04T11:23:29","guid":{"rendered":"https:\/\/burkinaonline.net\/?p=8449"},"modified":"2025-09-04T11:23:29","modified_gmt":"2025-09-04T11:23:29","slug":"04-septembre-1947-04-septembre-2025-il-y-a-78-ans-jour-pour-jour-la-haute-volta-etait-reconstituee-par-le-c0l0n","status":"publish","type":"post","link":"https:\/\/burkinaonline.net\/?p=8449","title":{"rendered":"04 septembre 1947-04 septembre 2025 : il y a 78 ans jour pour jour, la Haute-Volta \u00e9tait reconstitu\u00e9e par le c0l0n"},"content":{"rendered":"<p class=\"p2\">Le 4 septembre 1947, la Haute-Volta a retrouv\u00e9 son statut de territoire administratif distinct au sein de l\u2019AOF (Afrique occidentale fran\u00e7aise), marquant ainsi un moment cl\u00e9 dans l\u2019histoire du Burkina Faso. Supprim\u00e9e en 1932 et partag\u00e9e entre le Niger, le Soudan fran\u00e7ais et la C\u00f4te d\u2019Ivoire, la Haute-Volta avait vu sa structure territoriale profond\u00e9ment alt\u00e9r\u00e9e.<\/p>\n<p class=\"p2\"><span class=\"s1\">La d\u00e9cision de reconstituer la colonie r\u00e9sulte d\u2019un long combat des autorit\u00e9s traditionnelles et politiques de l\u2019\u00e9poque. Le Mogho Naaba Kom II, d\u00e8s 1938, avait engag\u00e9 des d\u00e9marches pour restaurer la Haute-Volta, conscient de l\u2019importance d\u2019une unit\u00e9 territoriale pour la pr\u00e9servation des identit\u00e9s locales et des int\u00e9r\u00eats politiques. Apr\u00e8s sa disparition en 1942, son fils, Mogho Naaba Saaga II, poursuivit cette lutte en fondant en 1945 l\u2019Union Volta\u00efque, un mouvement politique d\u00e9termin\u00e9 \u00e0 d\u00e9fendre les droits et l\u2019autonomie de la Haute-Volta.<\/span><\/p>\n<p class=\"p2\"><span class=\"s1\">La reconstitution de 1947 permit de restaurer les fronti\u00e8res originelles et de renforcer le r\u00f4le des autorit\u00e9s traditionnelles dans l\u2019administration locale. Elle constitue \u00e9galement un jalon important dans le chemin vers l\u2019ind\u00e9pendance, en donnant aux Volta\u00efques la possibilit\u00e9 de s\u2019organiser politiquement et de pr\u00e9parer l\u2019avenir du territoire.<\/span><\/p>\n<p class=\"p2\"><span class=\"s1\">Cette c\u00e9l\u00e9bration devrait b\u00e9n\u00e9ficier d\u2019une attention particuli\u00e8re de la part de l\u2019\u00c9tat, car elle rev\u00eat une importance capitale pour la m\u00e9moire nationale. La reconstitution de la Haute-Volta a jet\u00e9 les bases de la structuration politique et administrative du territoire, pr\u00e9alable indispensable \u00e0 l\u2019ind\u00e9pendance. Sans cette \u00e9tape fondamentale, l\u2019\u00e9mergence d\u2019un \u00c9tat souverain n\u2019aurait pas \u00e9t\u00e9 possible. \u00c0 ce titre, honorer cet \u00e9v\u00e9nement devrait \u00eatre consid\u00e9r\u00e9 avec la m\u00eame solennit\u00e9 que la c\u00e9l\u00e9bration de l\u2019ind\u00e9pendance elle-m\u00eame.<\/span><\/p>\n<p class=\"p2\"><span class=\"s1\">Nak\u00e9 Alex <\/span><\/p>\n<p class=\"p2\"><span class=\"s2\">www.burkinaonline.net<\/span><\/p>\n","protected":false},"excerpt":{"rendered":"<p>Le 4 septembre 1947, la Haute-Volta a retrouv\u00e9 son statut de territoire administratif distinct au&#8230;<\/p>\n","protected":false},"author":1,"featured_media":8450,"comment_status":"open","ping_status":"open","sticky":false,"template":"","format":"standard","meta":{"footnotes":""},"categories":[8,10,11,13],"tags":[],"class_list":["post-8449","post","type-post","status-publish","format-standard","has-post-thumbnail","hentry","category-post","category-burkina-faso","category-politique","category-societe"],"_links":{"self":[{"href":"https:\/\/burkinaonline.net\/index.php?rest_route=\/wp\/v2\/posts\/8449","targetHints":{"allow":["GET"]}}],"collection":[{"href":"https:\/\/burkinaonline.net\/index.php?rest_route=\/wp\/v2\/posts"}],"about":[{"href":"https:\/\/burkinaonline.net\/index.php?rest_route=\/wp\/v2\/types\/post"}],"author":[{"embeddable":true,"href":"https:\/\/burkinaonline.net\/index.php?rest_route=\/wp\/v2\/users\/1"}],"replies":[{"embeddable":true,"href":"https:\/\/burkinaonline.net\/index.php?rest_route=%2Fwp%2Fv2%2Fcomments&post=8449"}],"version-history":[{"count":1,"href":"https:\/\/burkinaonline.net\/index.php?rest_route=\/wp\/v2\/posts\/8449\/revisions"}],"predecessor-version":[{"id":8451,"href":"https:\/\/burkinaonline.net\/index.php?rest_route=\/wp\/v2\/posts\/8449\/revisions\/8451"}],"wp:featuredmedia":[{"embeddable":true,"href":"https:\/\/burkinaonline.net\/index.php?rest_route=\/wp\/v2\/media\/8450"}],"wp:attachment":[{"href":"https:\/\/burkinaonline.net\/index.php?rest_route=%2Fwp%2Fv2%2Fmedia&parent=8449"}],"wp:term":[{"taxonomy":"category","embeddable":true,"href":"https:\/\/burkinaonline.net\/index.php?rest_route=%2Fwp%2Fv2%2Fcategories&post=8449"},{"taxonomy":"post_tag","embeddable":true,"href":"https:\/\/burkinaonline.net\/index.php?rest_route=%2Fwp%2Fv2%2Ftags&post=8449"}],"curies":[{"name":"wp","href":"https:\/\/api.w.org\/{rel}","templated":true}]}}