{"id":8452,"date":"2025-09-04T18:06:32","date_gmt":"2025-09-04T18:06:32","guid":{"rendered":"https:\/\/burkinaonline.net\/?p=8452"},"modified":"2025-09-04T18:06:32","modified_gmt":"2025-09-04T18:06:32","slug":"tensions-diplomatiques-le-mali-saisit-la-cour-internationale-de-justice-contre-lalgerie","status":"publish","type":"post","link":"https:\/\/burkinaonline.net\/?p=8452","title":{"rendered":"Tensions diplomatiques : le Mali saisit la Cour internationale de justice contre l\u2019Alg\u00e9rie"},"content":{"rendered":"<p class=\"p1\">Le 4 septembre 2025, le gouvernement malien a officiellement d\u00e9pos\u00e9 une plainte contre l\u2019Alg\u00e9rie aupr\u00e8s de la Cour internationale de justice (CIJ), l\u2019accusant d\u2019avoir abattu un drone de reconnaissance malien pr\u00e8s de la fronti\u00e8re, \u00e0 Tinzaouaten, dans la nuit du 31 mars au 1er avril 2025.<\/p>\n<p class=\"p1\"><span class=\"s1\">Selon Bamako, cet acte constitue une violation de son int\u00e9grit\u00e9 territoriale et menace ses op\u00e9rations contre les groupes arm\u00e9s dans le nord du pays. Malgr\u00e9 plusieurs demandes, l\u2019Alg\u00e9rie n\u2019aurait pas fourni de preuves confirmant que le drone avait franchi son espace a\u00e9rien. De son c\u00f4t\u00e9, Alger affirme avoir abattu un drone arm\u00e9 qui, selon elle, p\u00e9n\u00e9trait ill\u00e9galement son territoire.<\/span><\/p>\n<p class=\"p1\"><span class=\"s1\">Cet incident a exacerb\u00e9 les tensions d\u00e9j\u00e0 existantes entre les deux pays, li\u00e9es \u00e0 des diff\u00e9rends historiques et \u00e0 la question des Touaregs. En avril 2025, le Mali, le Niger et le Burkina Faso avaient rappel\u00e9 leurs ambassadeurs en Alg\u00e9rie et Bamako s\u2019\u00e9tait retir\u00e9 du Comit\u00e9 d\u2019\u00c9tat-Major Conjoint (CEMOC), organe de coordination militaire r\u00e9gionale.<\/span><\/p>\n<p class=\"p1\"><span class=\"s1\">La saisine de la CIJ marque une \u00e9tape importante dans les relations bilat\u00e9rales et met en lumi\u00e8re les d\u00e9fis s\u00e9curitaires et diplomatiques auxquels la r\u00e9gion du Sahel est confront\u00e9e.<br \/>\nGildas Kinda<br \/>\nwwww.burkinaonline.net<\/span><\/p>\n","protected":false},"excerpt":{"rendered":"<p>Le 4 septembre 2025, le gouvernement malien a officiellement d\u00e9pos\u00e9 une plainte contre l\u2019Alg\u00e9rie aupr\u00e8s&#8230;<\/p>\n","protected":false},"author":1,"featured_media":8453,"comment_status":"open","ping_status":"open","sticky":false,"template":"","format":"standard","meta":{"footnotes":""},"categories":[8,30,18,11],"tags":[],"class_list":["post-8452","post","type-post","status-publish","format-standard","has-post-thumbnail","hentry","category-post","category-aes","category-international","category-politique"],"_links":{"self":[{"href":"https:\/\/burkinaonline.net\/index.php?rest_route=\/wp\/v2\/posts\/8452","targetHints":{"allow":["GET"]}}],"collection":[{"href":"https:\/\/burkinaonline.net\/index.php?rest_route=\/wp\/v2\/posts"}],"about":[{"href":"https:\/\/burkinaonline.net\/index.php?rest_route=\/wp\/v2\/types\/post"}],"author":[{"embeddable":true,"href":"https:\/\/burkinaonline.net\/index.php?rest_route=\/wp\/v2\/users\/1"}],"replies":[{"embeddable":true,"href":"https:\/\/burkinaonline.net\/index.php?rest_route=%2Fwp%2Fv2%2Fcomments&post=8452"}],"version-history":[{"count":1,"href":"https:\/\/burkinaonline.net\/index.php?rest_route=\/wp\/v2\/posts\/8452\/revisions"}],"predecessor-version":[{"id":8454,"href":"https:\/\/burkinaonline.net\/index.php?rest_route=\/wp\/v2\/posts\/8452\/revisions\/8454"}],"wp:featuredmedia":[{"embeddable":true,"href":"https:\/\/burkinaonline.net\/index.php?rest_route=\/wp\/v2\/media\/8453"}],"wp:attachment":[{"href":"https:\/\/burkinaonline.net\/index.php?rest_route=%2Fwp%2Fv2%2Fmedia&parent=8452"}],"wp:term":[{"taxonomy":"category","embeddable":true,"href":"https:\/\/burkinaonline.net\/index.php?rest_route=%2Fwp%2Fv2%2Fcategories&post=8452"},{"taxonomy":"post_tag","embeddable":true,"href":"https:\/\/burkinaonline.net\/index.php?rest_route=%2Fwp%2Fv2%2Ftags&post=8452"}],"curies":[{"name":"wp","href":"https:\/\/api.w.org\/{rel}","templated":true}]}}