{"id":8455,"date":"2025-09-04T19:19:12","date_gmt":"2025-09-04T19:19:12","guid":{"rendered":"https:\/\/burkinaonline.net\/?p=8455"},"modified":"2025-09-04T19:19:36","modified_gmt":"2025-09-04T19:19:36","slug":"burkinafaso-lavocat-paul-kere-au-coeur-dune-altercation-ar-mee-a-zano-pres-de-tenkodogo","status":"publish","type":"post","link":"https:\/\/burkinaonline.net\/?p=8455","title":{"rendered":"BurkinaFaso : L\u2019avocat Paul K\u00e9r\u00e9 au c\u0153ur d\u2019une alt\u20acrcation ar-m\u00e9e \u00e0 Zano, pr\u00e8s de Tenkodogo"},"content":{"rendered":"<p class=\"p1\">Fada N&rsquo;Gourma, Burkina Faso &#8211; Le Procureur g\u00e9n\u00e9ral pr\u00e8s la Cour d&rsquo;appel de Fada N&rsquo;Gourma a publi\u00e9 un communiqu\u00e9 suite \u00e0 une alt\u20acrcation gra-ve survenue le mardi 2 septembre 2025 \u00e0 Zano, une localit\u00e9 situ\u00e9e pr\u00e8s de Tenkodogo. L&rsquo;incident impliquait Ma\u00eetre KERE Paul, un avocat inscrit au Barreau du Burkina Faso, et deux habitants de la r\u00e9gion.<\/p>\n<p class=\"p1\"><span class=\"s2\">Selon le communiqu\u00e9, l&rsquo;avocat aurait fait usage de son arme \u00e0 feu lors de l&rsquo;altercation, blessant gri\u00e8vement l&rsquo;une des victimes. La victime a \u00e9t\u00e9 prise en charge d&rsquo;urgence au Centre Hospitalier R\u00e9gional (CHR) de Tenkodogo.<\/span><\/p>\n<p class=\"p1\"><span class=\"s2\">Les faits ont provoqu\u00e9 de vives tensions parmi la population, perturbant la paix et l&rsquo;ordre public, une situation que le Procureur g\u00e9n\u00e9ral a fermement condamn\u00e9e.<\/span><\/p>\n<p class=\"p1\"><span class=\"s2\">Suite \u00e0 cet \u00e9v\u00e9nement, une enqu\u00eate a \u00e9t\u00e9 imm\u00e9diatement ouverte par le Parquet de Tenkodogo pour faire toute la lumi\u00e8re sur les circonstances exactes de l&rsquo;incident et garantir le respect de la loi. Le Procureur g\u00e9n\u00e9ral, Compaor\u00e9 Barnab\u00e9, a assur\u00e9 que toutes les mesures n\u00e9cessaires seraient prises pour assurer une administration de la justice impartiale et diligente.<\/span><\/p>\n<p class=\"p1\"><span class=\"s2\">Il a \u00e9galement exprim\u00e9 ses v\u0153ux de prompt r\u00e9tablissement \u00e0 la victime et a appel\u00e9 la population \u00e0 la prudence et \u00e0 la retenue.<\/span><\/p>\n<p>www.burkinaonline.net<\/p>\n<p><a href=\"http:\/\/burkinaonline.net\/wp-content\/uploads\/2025\/09\/IMG_9741.jpeg\"><img fetchpriority=\"high\" decoding=\"async\" class=\"alignnone size-medium wp-image-8460\" src=\"http:\/\/burkinaonline.net\/wp-content\/uploads\/2025\/09\/IMG_9741-227x300.jpeg\" alt=\"\" width=\"227\" height=\"300\" srcset=\"https:\/\/burkinaonline.net\/wp-content\/uploads\/2025\/09\/IMG_9741-227x300.jpeg 227w, https:\/\/burkinaonline.net\/wp-content\/uploads\/2025\/09\/IMG_9741-774x1024.jpeg 774w, https:\/\/burkinaonline.net\/wp-content\/uploads\/2025\/09\/IMG_9741-768x1015.jpeg 768w, https:\/\/burkinaonline.net\/wp-content\/uploads\/2025\/09\/IMG_9741-1024x1354.jpeg 1024w, https:\/\/burkinaonline.net\/wp-content\/uploads\/2025\/09\/IMG_9741.jpeg 1080w\" sizes=\"(max-width: 227px) 100vw, 227px\" \/><\/a> <a href=\"http:\/\/burkinaonline.net\/wp-content\/uploads\/2025\/09\/IMG_9742.jpeg\"><img decoding=\"async\" class=\"alignnone size-medium wp-image-8461\" src=\"http:\/\/burkinaonline.net\/wp-content\/uploads\/2025\/09\/IMG_9742-228x300.jpeg\" alt=\"\" width=\"228\" height=\"300\" srcset=\"https:\/\/burkinaonline.net\/wp-content\/uploads\/2025\/09\/IMG_9742-228x300.jpeg 228w, https:\/\/burkinaonline.net\/wp-content\/uploads\/2025\/09\/IMG_9742-778x1024.jpeg 778w, https:\/\/burkinaonline.net\/wp-content\/uploads\/2025\/09\/IMG_9742-768x1010.jpeg 768w, https:\/\/burkinaonline.net\/wp-content\/uploads\/2025\/09\/IMG_9742-1024x1347.jpeg 1024w, https:\/\/burkinaonline.net\/wp-content\/uploads\/2025\/09\/IMG_9742.jpeg 1049w\" sizes=\"(max-width: 228px) 100vw, 228px\" \/><\/a><\/p>\n","protected":false},"excerpt":{"rendered":"<p>Fada N&rsquo;Gourma, Burkina Faso &#8211; Le Procureur g\u00e9n\u00e9ral pr\u00e8s la Cour d&rsquo;appel de Fada N&rsquo;Gourma&#8230;<\/p>\n","protected":false},"author":1,"featured_media":8456,"comment_status":"open","ping_status":"open","sticky":false,"template":"","format":"standard","meta":{"footnotes":""},"categories":[8,10,13],"tags":[],"class_list":["post-8455","post","type-post","status-publish","format-standard","has-post-thumbnail","hentry","category-post","category-burkina-faso","category-societe"],"_links":{"self":[{"href":"https:\/\/burkinaonline.net\/index.php?rest_route=\/wp\/v2\/posts\/8455","targetHints":{"allow":["GET"]}}],"collection":[{"href":"https:\/\/burkinaonline.net\/index.php?rest_route=\/wp\/v2\/posts"}],"about":[{"href":"https:\/\/burkinaonline.net\/index.php?rest_route=\/wp\/v2\/types\/post"}],"author":[{"embeddable":true,"href":"https:\/\/burkinaonline.net\/index.php?rest_route=\/wp\/v2\/users\/1"}],"replies":[{"embeddable":true,"href":"https:\/\/burkinaonline.net\/index.php?rest_route=%2Fwp%2Fv2%2Fcomments&post=8455"}],"version-history":[{"count":1,"href":"https:\/\/burkinaonline.net\/index.php?rest_route=\/wp\/v2\/posts\/8455\/revisions"}],"predecessor-version":[{"id":8462,"href":"https:\/\/burkinaonline.net\/index.php?rest_route=\/wp\/v2\/posts\/8455\/revisions\/8462"}],"wp:featuredmedia":[{"embeddable":true,"href":"https:\/\/burkinaonline.net\/index.php?rest_route=\/wp\/v2\/media\/8456"}],"wp:attachment":[{"href":"https:\/\/burkinaonline.net\/index.php?rest_route=%2Fwp%2Fv2%2Fmedia&parent=8455"}],"wp:term":[{"taxonomy":"category","embeddable":true,"href":"https:\/\/burkinaonline.net\/index.php?rest_route=%2Fwp%2Fv2%2Fcategories&post=8455"},{"taxonomy":"post_tag","embeddable":true,"href":"https:\/\/burkinaonline.net\/index.php?rest_route=%2Fwp%2Fv2%2Ftags&post=8455"}],"curies":[{"name":"wp","href":"https:\/\/api.w.org\/{rel}","templated":true}]}}