{"id":8466,"date":"2025-09-06T20:22:55","date_gmt":"2025-09-06T20:22:55","guid":{"rendered":"https:\/\/burkinaonline.net\/?p=8466"},"modified":"2025-09-06T20:44:24","modified_gmt":"2025-09-06T20:44:24","slug":"burkina-faso-maitre-doli-ini-benjamine-esther-poursuivie-pour-trahison-outrage-au-chef-de-letat-et-demoralisation-des-forces-armees","status":"publish","type":"post","link":"https:\/\/burkinaonline.net\/?p=8466","title":{"rendered":"Burkina Faso : Ma\u00eetre DOLI Ini Benjamine Esther poursuivie pour trahison, outrage au Chef de l\u2019\u00c9tat et d\u00e9moralisation des forces arm\u00e9es"},"content":{"rendered":"<p class=\"p1\">Le parquet pr\u00e8s le Tribunal de grande instance Ouaga I a annonc\u00e9, dans un communiqu\u00e9 en date du 6 septembre 2025, l\u2019ouverture d\u2019une enqu\u00eate judiciaire \u00e0 l\u2019encontre de Ma\u00eetre DOLI Ini Benjamine Esther, avocate inscrite au barreau du Burkina Faso.<\/p>\n<p class=\"p1\"><span class=\"s1\">Selon le parquet, une s\u00e9rie de publications diffus\u00e9es fin ao\u00fbt 2025 sur un profil Facebook portant son nom pourrait recevoir une qualification p\u00e9nale. Conform\u00e9ment au r\u00e8glement n\u00b005\/CM\/UEMOA du 25 septembre 2014 relatif \u00e0 la profession d\u2019avocat dans l\u2019espace UEMOA, le parquet a saisi le Procureur g\u00e9n\u00e9ral pr\u00e8s la Cour d\u2019appel de Ouagadougou d\u2019une requ\u00eate aux fins d\u2019autorisation d\u2019ouverture d\u2019enqu\u00eate. Cette autorisation a \u00e9t\u00e9 accord\u00e9e le 4 septembre 2025.<\/span><\/p>\n<p class=\"p1\"><span class=\"s1\">Le m\u00eame jour, une unit\u00e9 de police judiciaire a \u00e9t\u00e9 instruite pour diligenter une enqu\u00eate contre Ma\u00eetre DOLI pour des faits pr\u00e9sum\u00e9s de trahison, outrage au Chef de l\u2019\u00c9tat et entreprise de d\u00e9moralisation des forces arm\u00e9es.<\/span><\/p>\n<p class=\"p1\"><span class=\"s1\">Dans son communiqu\u00e9, le parquet assure l\u2019opinion publique de son attachement au respect de la l\u00e9galit\u00e9 et garantit que l\u2019enqu\u00eate sera conduite \u00ab avec toute la rigueur requise, dans le strict respect des proc\u00e9dures en vigueur et des droits de la personne mise en cause \u00bb.<\/span><\/p>\n<p>Dans un communiqu\u00e9 en date du 4 septembre, le Barreau du Burkina Faso avait appel\u00e9 au respect des proc\u00e9dures p\u00e9nales et rappel\u00e9 son attachement \u00e0 l\u2019\u00c9tat de droit.<\/p>\n<p class=\"p1\"><span class=\"s1\">Gildas Kinda <\/span><\/p>\n<p class=\"p1\"><span class=\"s2\">www.burkinaonline.net<\/span><\/p>\n<p><a href=\"http:\/\/burkinaonline.net\/wp-content\/uploads\/2025\/09\/IMG_9860.jpeg\"><img fetchpriority=\"high\" decoding=\"async\" class=\"alignnone size-medium wp-image-8471\" src=\"http:\/\/burkinaonline.net\/wp-content\/uploads\/2025\/09\/IMG_9860-223x300.jpeg\" alt=\"\" width=\"223\" height=\"300\" srcset=\"https:\/\/burkinaonline.net\/wp-content\/uploads\/2025\/09\/IMG_9860-223x300.jpeg 223w, https:\/\/burkinaonline.net\/wp-content\/uploads\/2025\/09\/IMG_9860-763x1024.jpeg 763w, https:\/\/burkinaonline.net\/wp-content\/uploads\/2025\/09\/IMG_9860-768x1031.jpeg 768w, https:\/\/burkinaonline.net\/wp-content\/uploads\/2025\/09\/IMG_9860-1024x1375.jpeg 1024w, https:\/\/burkinaonline.net\/wp-content\/uploads\/2025\/09\/IMG_9860.jpeg 1080w\" sizes=\"(max-width: 223px) 100vw, 223px\" \/><\/a><\/p>\n","protected":false},"excerpt":{"rendered":"<p>Le parquet pr\u00e8s le Tribunal de grande instance Ouaga I a annonc\u00e9, dans un communiqu\u00e9&#8230;<\/p>\n","protected":false},"author":1,"featured_media":8467,"comment_status":"open","ping_status":"open","sticky":false,"template":"","format":"standard","meta":{"footnotes":""},"categories":[8,10,13],"tags":[],"class_list":["post-8466","post","type-post","status-publish","format-standard","has-post-thumbnail","hentry","category-post","category-burkina-faso","category-societe"],"_links":{"self":[{"href":"https:\/\/burkinaonline.net\/index.php?rest_route=\/wp\/v2\/posts\/8466","targetHints":{"allow":["GET"]}}],"collection":[{"href":"https:\/\/burkinaonline.net\/index.php?rest_route=\/wp\/v2\/posts"}],"about":[{"href":"https:\/\/burkinaonline.net\/index.php?rest_route=\/wp\/v2\/types\/post"}],"author":[{"embeddable":true,"href":"https:\/\/burkinaonline.net\/index.php?rest_route=\/wp\/v2\/users\/1"}],"replies":[{"embeddable":true,"href":"https:\/\/burkinaonline.net\/index.php?rest_route=%2Fwp%2Fv2%2Fcomments&post=8466"}],"version-history":[{"count":5,"href":"https:\/\/burkinaonline.net\/index.php?rest_route=\/wp\/v2\/posts\/8466\/revisions"}],"predecessor-version":[{"id":8473,"href":"https:\/\/burkinaonline.net\/index.php?rest_route=\/wp\/v2\/posts\/8466\/revisions\/8473"}],"wp:featuredmedia":[{"embeddable":true,"href":"https:\/\/burkinaonline.net\/index.php?rest_route=\/wp\/v2\/media\/8467"}],"wp:attachment":[{"href":"https:\/\/burkinaonline.net\/index.php?rest_route=%2Fwp%2Fv2%2Fmedia&parent=8466"}],"wp:term":[{"taxonomy":"category","embeddable":true,"href":"https:\/\/burkinaonline.net\/index.php?rest_route=%2Fwp%2Fv2%2Fcategories&post=8466"},{"taxonomy":"post_tag","embeddable":true,"href":"https:\/\/burkinaonline.net\/index.php?rest_route=%2Fwp%2Fv2%2Ftags&post=8466"}],"curies":[{"name":"wp","href":"https:\/\/api.w.org\/{rel}","templated":true}]}}