{"id":8474,"date":"2025-09-08T08:22:03","date_gmt":"2025-09-08T08:22:03","guid":{"rendered":"https:\/\/burkinaonline.net\/?p=8474"},"modified":"2025-09-08T08:22:03","modified_gmt":"2025-09-08T08:22:03","slug":"offensive-majeure-des-fama-dans-la-region-de-kayes-plusieurs-bastions-terr0ristes-neutralises","status":"publish","type":"post","link":"https:\/\/burkinaonline.net\/?p=8474","title":{"rendered":"Offensive majeure des FAMa dans la r\u00e9gion de Kayes : plusieurs bastions terr0ristes neutralis\u00e9s"},"content":{"rendered":"<p class=\"p1\">Kayes, 8 septembre 2025 &#8211; Les Forces Arm\u00e9es Maliennes (FAMa) ont men\u00e9, le samedi 6 septembre 2025, une vaste op\u00e9ration militaire dans les cercles de Di\u00e9ma et Nioro du Sahel, r\u00e9gion de Kayes. Cette offensive, qualifi\u00e9e de d\u00e9cisive par l\u2019\u00c9tat-Major G\u00e9n\u00e9ral des Arm\u00e9es, marque une \u00e9tape importante dans la lutte contre les Groupes Arm\u00e9s Terr0ristes (GAT) qui s\u00e9vissent dans la zone.<\/p>\n<p class=\"p1\"><span class=\"s1\">Selon le communiqu\u00e9 officiel, les \u00e9l\u00e9ments enn\u20acmis, plac\u00e9s sous surveillance depuis plusieurs jours, ont \u00e9t\u00e9 cibl\u00e9s avec une grande pr\u00e9cision. L\u2019op\u00e9ration, soigneusement planifi\u00e9e, a permis la destruction de plusieurs positions terr0ristes, la n\u20acutralisation de nombreux comba-ttants ainsi que la mise hors d\u2019\u00e9tat de nuire d\u2019un important arsenal de guerre. Des quantit\u00e9s consid\u00e9rables de mat\u00e9riel logistique ont \u00e9galement \u00e9t\u00e9 d\u00e9truites.<\/span><\/p>\n<p class=\"p1\"><span class=\"s1\">Les FAMa poursuivent actuellement des op\u00e9rations de ratissage, men\u00e9es avec rigueur et d\u00e9termination. L\u2019\u00c9tat-Major y voit la preuve de la volont\u00e9 ferme des forces arm\u00e9es de restaurer la paix et la s\u00e9curit\u00e9 sur l\u2019ensemble du territoire national.<\/span><\/p>\n<p class=\"p1\"><span class=\"s1\">Par ailleurs, les autorit\u00e9s militaires appellent les populations \u00e0 la s\u00e9r\u00e9nit\u00e9, \u00e0 la vigilance et surtout \u00e0 collaborer activement avec les forces engag\u00e9es dans cette lutte implacable contre le terrorisme. \u00ab C\u2019est dans l\u2019unit\u00e9 et la solidarit\u00e9 que se forge la victoire \u00bb, rappelle le communiqu\u00e9.<\/span><\/p>\n<p class=\"p1\"><span class=\"s1\">Cette offensive, d\u2019une ampleur in\u00e9dite dans la r\u00e9gion de Kayes, confirme la d\u00e9termination du Mali \u00e0 reprendre le contr\u00f4le de son territoire et \u00e0 mettre fin aux menaces terroristes qui p\u00e8sent sur la s\u00e9curit\u00e9 nationale.<\/span><\/p>\n<p class=\"p1\"><span class=\"s1\">Nak\u00e9 Alex <\/span><\/p>\n<p class=\"p1\"><span class=\"s1\">www.burkinaonline.net<\/span><\/p>\n","protected":false},"excerpt":{"rendered":"<p>Kayes, 8 septembre 2025 &#8211; Les Forces Arm\u00e9es Maliennes (FAMa) ont men\u00e9, le samedi 6&#8230;<\/p>\n","protected":false},"author":1,"featured_media":8475,"comment_status":"open","ping_status":"open","sticky":false,"template":"","format":"standard","meta":{"footnotes":""},"categories":[8,30,12],"tags":[],"class_list":["post-8474","post","type-post","status-publish","format-standard","has-post-thumbnail","hentry","category-post","category-aes","category-terrorisme"],"_links":{"self":[{"href":"https:\/\/burkinaonline.net\/index.php?rest_route=\/wp\/v2\/posts\/8474","targetHints":{"allow":["GET"]}}],"collection":[{"href":"https:\/\/burkinaonline.net\/index.php?rest_route=\/wp\/v2\/posts"}],"about":[{"href":"https:\/\/burkinaonline.net\/index.php?rest_route=\/wp\/v2\/types\/post"}],"author":[{"embeddable":true,"href":"https:\/\/burkinaonline.net\/index.php?rest_route=\/wp\/v2\/users\/1"}],"replies":[{"embeddable":true,"href":"https:\/\/burkinaonline.net\/index.php?rest_route=%2Fwp%2Fv2%2Fcomments&post=8474"}],"version-history":[{"count":1,"href":"https:\/\/burkinaonline.net\/index.php?rest_route=\/wp\/v2\/posts\/8474\/revisions"}],"predecessor-version":[{"id":8476,"href":"https:\/\/burkinaonline.net\/index.php?rest_route=\/wp\/v2\/posts\/8474\/revisions\/8476"}],"wp:featuredmedia":[{"embeddable":true,"href":"https:\/\/burkinaonline.net\/index.php?rest_route=\/wp\/v2\/media\/8475"}],"wp:attachment":[{"href":"https:\/\/burkinaonline.net\/index.php?rest_route=%2Fwp%2Fv2%2Fmedia&parent=8474"}],"wp:term":[{"taxonomy":"category","embeddable":true,"href":"https:\/\/burkinaonline.net\/index.php?rest_route=%2Fwp%2Fv2%2Fcategories&post=8474"},{"taxonomy":"post_tag","embeddable":true,"href":"https:\/\/burkinaonline.net\/index.php?rest_route=%2Fwp%2Fv2%2Ftags&post=8474"}],"curies":[{"name":"wp","href":"https:\/\/api.w.org\/{rel}","templated":true}]}}