{"id":8477,"date":"2025-09-09T13:54:32","date_gmt":"2025-09-09T13:54:32","guid":{"rendered":"https:\/\/burkinaonline.net\/?p=8477"},"modified":"2025-09-09T13:57:33","modified_gmt":"2025-09-09T13:57:33","slug":"burkina-faso-lagence-salama-voyages-interdite-dorganiser-le-hadj-et-la-oumrah-en-2026-et-2027","status":"publish","type":"post","link":"https:\/\/burkinaonline.net\/?p=8477","title":{"rendered":"Burkina Faso : l\u2019agence SALAMA Voyages interdite d\u2019organiser le Hadj et la Oumrah en 2026 et 2027"},"content":{"rendered":"<p class=\"p1\"><span class=\"s1\">Le minist\u00e8re de l\u2019Administration territoriale et de la Mobilit\u00e9 a annonc\u00e9, \u00e0 travers un arr\u00eat\u00e9 dat\u00e9 du 8 septembre 2025, l\u2019interdiction faite \u00e0 l\u2019agence de voyages <\/span><span class=\"s2\">SALAMA Voyages<\/span><span class=\"s1\"> de recruter des p\u00e8lerins pour les \u00e9ditions 2026 et 2027 du Hadj et de la Oumrah.<\/span><\/p>\n<p class=\"p1\"><span class=\"s1\">Selon le document sign\u00e9 par le ministre d\u2019\u00c9tat Emile Zerbo, l\u2019agence repr\u00e9sent\u00e9e par monsieur ZAGRE Mohamadi est reconnue coupable de manquements graves, notamment une implication dans une affaire d\u2019usurpation d\u2019identit\u00e9 concernant une p\u00e8lerine.<\/span><\/p>\n<p class=\"p1\"><span class=\"s1\">L\u2019arr\u00eat\u00e9 pr\u00e9cise que cette sanction ne vise pas uniquement <\/span><span class=\"s2\">SALAMA Voyages<\/span><span class=\"s1\"> mais s\u2019\u00e9tend \u00e9galement \u00e0 toute autre agence de voyages qui serait promue par monsieur ZAGRE Mohamadi. Celui-ci est par ailleurs interdit de toute activit\u00e9 li\u00e9e \u00e0 l\u2019organisation du p\u00e8lerinage \u00e0 La Mecque pour les deux prochaines \u00e9ditions.<\/span><\/p>\n<p class=\"p1\"><span class=\"s1\">Le minist\u00e8re rappelle que cette mesure intervient suite aux conclusions du Comit\u00e9 national de suivi du p\u00e8lerinage \u00e0 La Mecque, qui a relev\u00e9 des d\u00e9faillances s\u00e9rieuses dans la gestion de l\u2019agence lors des campagnes pr\u00e9c\u00e9dentes.<\/span><\/p>\n<p class=\"p1\"><span class=\"s1\">Ainsi, les fid\u00e8les musulmans d\u00e9sireux d\u2019accomplir le cinqui\u00e8me pilier de l\u2019islam en 2026 et 2027 devront s\u2019orienter vers d\u2019autres agences agr\u00e9\u00e9es par l\u2019\u00c9tat pour l\u2019organisation du p\u00e8lerinage.<\/span><\/p>\n<p class=\"p1\"><span class=\"s1\">Gildas Kinda <\/span><\/p>\n<p class=\"p1\"><span class=\"s1\">www.burkinaonline.net<\/span><\/p>\n<p><a href=\"http:\/\/burkinaonline.net\/wp-content\/uploads\/2025\/09\/IMG_9920.jpeg\"><img fetchpriority=\"high\" decoding=\"async\" class=\"alignnone size-medium wp-image-8480\" src=\"http:\/\/burkinaonline.net\/wp-content\/uploads\/2025\/09\/IMG_9920-218x300.jpeg\" alt=\"\" width=\"218\" height=\"300\" srcset=\"https:\/\/burkinaonline.net\/wp-content\/uploads\/2025\/09\/IMG_9920-218x300.jpeg 218w, https:\/\/burkinaonline.net\/wp-content\/uploads\/2025\/09\/IMG_9920-745x1024.jpeg 745w, https:\/\/burkinaonline.net\/wp-content\/uploads\/2025\/09\/IMG_9920-768x1056.jpeg 768w, https:\/\/burkinaonline.net\/wp-content\/uploads\/2025\/09\/IMG_9920-1024x1408.jpeg 1024w, https:\/\/burkinaonline.net\/wp-content\/uploads\/2025\/09\/IMG_9920.jpeg 1080w\" sizes=\"(max-width: 218px) 100vw, 218px\" \/><\/a> <a href=\"http:\/\/burkinaonline.net\/wp-content\/uploads\/2025\/09\/IMG_9921.jpeg\"><img decoding=\"async\" class=\"alignnone size-medium wp-image-8481\" src=\"http:\/\/burkinaonline.net\/wp-content\/uploads\/2025\/09\/IMG_9921-215x300.jpeg\" alt=\"\" width=\"215\" height=\"300\" srcset=\"https:\/\/burkinaonline.net\/wp-content\/uploads\/2025\/09\/IMG_9921-215x300.jpeg 215w, https:\/\/burkinaonline.net\/wp-content\/uploads\/2025\/09\/IMG_9921-734x1024.jpeg 734w, https:\/\/burkinaonline.net\/wp-content\/uploads\/2025\/09\/IMG_9921-768x1072.jpeg 768w, https:\/\/burkinaonline.net\/wp-content\/uploads\/2025\/09\/IMG_9921-1024x1429.jpeg 1024w, https:\/\/burkinaonline.net\/wp-content\/uploads\/2025\/09\/IMG_9921.jpeg 1080w\" sizes=\"(max-width: 215px) 100vw, 215px\" \/><\/a><\/p>\n","protected":false},"excerpt":{"rendered":"<p>Le minist\u00e8re de l\u2019Administration territoriale et de la Mobilit\u00e9 a annonc\u00e9, \u00e0 travers un arr\u00eat\u00e9&#8230;<\/p>\n","protected":false},"author":1,"featured_media":8478,"comment_status":"open","ping_status":"open","sticky":false,"template":"","format":"standard","meta":{"footnotes":""},"categories":[8,10,13],"tags":[],"class_list":["post-8477","post","type-post","status-publish","format-standard","has-post-thumbnail","hentry","category-post","category-burkina-faso","category-societe"],"_links":{"self":[{"href":"https:\/\/burkinaonline.net\/index.php?rest_route=\/wp\/v2\/posts\/8477","targetHints":{"allow":["GET"]}}],"collection":[{"href":"https:\/\/burkinaonline.net\/index.php?rest_route=\/wp\/v2\/posts"}],"about":[{"href":"https:\/\/burkinaonline.net\/index.php?rest_route=\/wp\/v2\/types\/post"}],"author":[{"embeddable":true,"href":"https:\/\/burkinaonline.net\/index.php?rest_route=\/wp\/v2\/users\/1"}],"replies":[{"embeddable":true,"href":"https:\/\/burkinaonline.net\/index.php?rest_route=%2Fwp%2Fv2%2Fcomments&post=8477"}],"version-history":[{"count":2,"href":"https:\/\/burkinaonline.net\/index.php?rest_route=\/wp\/v2\/posts\/8477\/revisions"}],"predecessor-version":[{"id":8482,"href":"https:\/\/burkinaonline.net\/index.php?rest_route=\/wp\/v2\/posts\/8477\/revisions\/8482"}],"wp:featuredmedia":[{"embeddable":true,"href":"https:\/\/burkinaonline.net\/index.php?rest_route=\/wp\/v2\/media\/8478"}],"wp:attachment":[{"href":"https:\/\/burkinaonline.net\/index.php?rest_route=%2Fwp%2Fv2%2Fmedia&parent=8477"}],"wp:term":[{"taxonomy":"category","embeddable":true,"href":"https:\/\/burkinaonline.net\/index.php?rest_route=%2Fwp%2Fv2%2Fcategories&post=8477"},{"taxonomy":"post_tag","embeddable":true,"href":"https:\/\/burkinaonline.net\/index.php?rest_route=%2Fwp%2Fv2%2Ftags&post=8477"}],"curies":[{"name":"wp","href":"https:\/\/api.w.org\/{rel}","templated":true}]}}