{"id":8483,"date":"2025-09-10T15:33:59","date_gmt":"2025-09-10T15:33:59","guid":{"rendered":"https:\/\/burkinaonline.net\/?p=8483"},"modified":"2025-09-10T15:34:09","modified_gmt":"2025-09-10T15:34:09","slug":"asie-linterdiction-des-reseaux-sociaux-au-nepal-provoque-une-insurrection-et-fait-tomber-le-gouvernement","status":"publish","type":"post","link":"https:\/\/burkinaonline.net\/?p=8483","title":{"rendered":"Asie: L\u2019interdiction des r\u00e9seaux sociaux au N\u00e9pal provoque une insurrection et fait tomber le gouvernement"},"content":{"rendered":"<p class=\"p2\">Le N\u00e9pal, petit pays enclav\u00e9 d\u2019Asie du Sud, est situ\u00e9 entre l\u2019Inde et la Chine, deux g\u00e9ants de la r\u00e9gion. Le pays est aujourd\u2019hui secou\u00e9 par une r\u00e9volte qui a conduit \u00e0 l\u2019incendie de plusieurs symboles du pouvoir, dont le Parlement et le palais gouvernemental Singha Durbar.<\/p>\n<p class=\"p2\"><span class=\"s1\">Les origines de la contestation<\/span><\/p>\n<p class=\"p2\"><span class=\"s1\">La crise a \u00e9clat\u00e9 apr\u00e8s la d\u00e9cision du gouvernement d\u2019interdire l\u2019acc\u00e8s aux r\u00e9seaux sociaux comme Facebook, YouTube ou X. Cette mesure a \u00e9t\u00e9 per\u00e7ue comme une attaque contre la libert\u00e9 d\u2019expression, dans un pays o\u00f9 la jeunesse s\u2019informe et s\u2019organise largement en ligne. Mais au-del\u00e0 de cette interdiction, c\u2019est le m\u00e9contentement g\u00e9n\u00e9ral face \u00e0 la corruption, au n\u00e9potisme et au manque d\u2019opportunit\u00e9s \u00e9conomiques qui a nourri l\u2019explosion de col\u00e8re.<\/span><\/p>\n<p class=\"p2\"><span class=\"s1\">Une escalade de violence<\/span><\/p>\n<p class=\"p2\"><span class=\"s1\">Les manifestations, men\u00e9es principalement par la g\u00e9n\u00e9ration Z, ont pris une tournure violente. Des b\u00e2timents embl\u00e9matiques comme le Parlement et le Singha Durbar ont \u00e9t\u00e9 incendi\u00e9s. L\u2019a\u00e9roport de Katmandou a \u00e9t\u00e9 temporairement paralys\u00e9. Face \u00e0 la pression de la rue, le Premier ministre KP Sharma Oli a fini par d\u00e9missionner, bien qu\u2019il assure encore l\u2019int\u00e9rim.<\/span><\/p>\n<p class=\"p2\"><span class=\"s1\">L\u2019arm\u00e9e \u00e0 la man\u0153uvre<\/span><\/p>\n<p class=\"p2\"><span class=\"s1\">Pour contenir la r\u00e9volte, l\u2019arm\u00e9e a \u00e9t\u00e9 d\u00e9ploy\u00e9e dans la capitale et dans plusieurs grandes villes. Couvre-feu, arrestations massives et usage de la force ont marqu\u00e9 la r\u00e9pression. Selon les bilans officiels et ind\u00e9pendants, au moins une vingtaine de personnes ont perdu la vie et des centaines d\u2019autres ont \u00e9t\u00e9 bless\u00e9es.<\/span><\/p>\n<p class=\"p2\"><span class=\"s1\">Et apr\u00e8s ?<\/span><\/p>\n<p class=\"p2\"><span class=\"s1\">La d\u00e9mission du Premier ministre n\u2019a pas suffi \u00e0 calmer les manifestants. Beaucoup r\u00e9clament d\u00e9sormais une transition conduite par une personnalit\u00e9 ind\u00e9pendante, comme l\u2019ancienne juge en chef Sushila Karki. Mais le pays reste plong\u00e9 dans l\u2019incertitude, entre instabilit\u00e9 politique, col\u00e8re populaire et pressions r\u00e9gionales.<\/span><\/p>\n<p class=\"p2\"><span class=\"s1\">Enclav\u00e9 entre l\u2019Inde et la Chine, le N\u00e9pal se retrouve sous les projecteurs du monde entier. La crise actuelle montre l\u2019ampleur de la fracture entre une jeunesse avide de changement et une \u00e9lite politique jug\u00e9e corrompue. Si aucune solution durable n\u2019est trouv\u00e9e, l\u2019insurrection pourrait laisser des traces profondes dans l\u2019avenir politique et social du pays himalayen.<\/span><\/p>\n<p>Gildas Kinda<\/p>\n<p>www.burkinaonline.net<\/p>\n","protected":false},"excerpt":{"rendered":"<p>Le N\u00e9pal, petit pays enclav\u00e9 d\u2019Asie du Sud, est situ\u00e9 entre l\u2019Inde et la Chine,&#8230;<\/p>\n","protected":false},"author":1,"featured_media":8484,"comment_status":"open","ping_status":"open","sticky":false,"template":"","format":"standard","meta":{"footnotes":""},"categories":[8,18,11],"tags":[],"class_list":["post-8483","post","type-post","status-publish","format-standard","has-post-thumbnail","hentry","category-post","category-international","category-politique"],"_links":{"self":[{"href":"https:\/\/burkinaonline.net\/index.php?rest_route=\/wp\/v2\/posts\/8483","targetHints":{"allow":["GET"]}}],"collection":[{"href":"https:\/\/burkinaonline.net\/index.php?rest_route=\/wp\/v2\/posts"}],"about":[{"href":"https:\/\/burkinaonline.net\/index.php?rest_route=\/wp\/v2\/types\/post"}],"author":[{"embeddable":true,"href":"https:\/\/burkinaonline.net\/index.php?rest_route=\/wp\/v2\/users\/1"}],"replies":[{"embeddable":true,"href":"https:\/\/burkinaonline.net\/index.php?rest_route=%2Fwp%2Fv2%2Fcomments&post=8483"}],"version-history":[{"count":2,"href":"https:\/\/burkinaonline.net\/index.php?rest_route=\/wp\/v2\/posts\/8483\/revisions"}],"predecessor-version":[{"id":8486,"href":"https:\/\/burkinaonline.net\/index.php?rest_route=\/wp\/v2\/posts\/8483\/revisions\/8486"}],"wp:featuredmedia":[{"embeddable":true,"href":"https:\/\/burkinaonline.net\/index.php?rest_route=\/wp\/v2\/media\/8484"}],"wp:attachment":[{"href":"https:\/\/burkinaonline.net\/index.php?rest_route=%2Fwp%2Fv2%2Fmedia&parent=8483"}],"wp:term":[{"taxonomy":"category","embeddable":true,"href":"https:\/\/burkinaonline.net\/index.php?rest_route=%2Fwp%2Fv2%2Fcategories&post=8483"},{"taxonomy":"post_tag","embeddable":true,"href":"https:\/\/burkinaonline.net\/index.php?rest_route=%2Fwp%2Fv2%2Ftags&post=8483"}],"curies":[{"name":"wp","href":"https:\/\/api.w.org\/{rel}","templated":true}]}}