{"id":8487,"date":"2025-09-11T09:18:22","date_gmt":"2025-09-11T09:18:22","guid":{"rendered":"https:\/\/burkinaonline.net\/?p=8487"},"modified":"2025-09-11T09:18:22","modified_gmt":"2025-09-11T09:18:22","slug":"frappe-a-doha-israel-rate-les-leaders-politiques-du-hamas-partis-en-priere","status":"publish","type":"post","link":"https:\/\/burkinaonline.net\/?p=8487","title":{"rendered":"Frappe \u00e0 Doha : Isra\u00ebl rate les leaders politiques du Hamas, partis en pri\u00e8re"},"content":{"rendered":"<p class=\"p2\">Isra\u00ebl a revendiqu\u00e9, mardi 9 septembre, une frappe cibl\u00e9e \u00e0 Doha contre la direction politique du Hamas. L\u2019op\u00e9ration, pr\u00e9sent\u00e9e par l\u2019arm\u00e9e isra\u00e9lienne comme une tentative d\u2019\u00e9liminer plusieurs figures cl\u00e9s du mouvement, a provoqu\u00e9 la mort de six personnes, parmi lesquelles le fils de Khalil al-Hayya(l\u2019un des dirigeant du Hamas), un proche collaborateur et un officier de s\u00e9curit\u00e9 qatari.<\/p>\n<p class=\"p2\"><span class=\"s2\">L\u2019\u00c9tat h\u00e9breu a affirm\u00e9 avoir vis\u00e9 \u00ab l\u2019appareil dirigeant responsable des attaques terroristes \u00bb, soulignant que l\u2019op\u00e9ration s\u2019inscrivait dans la continuit\u00e9 de sa campagne contre le Hamas. Mais rapidement, des doutes ont \u00e9merg\u00e9 sur l\u2019efficacit\u00e9 de cette frappe.<\/span><\/p>\n<p class=\"p2\"><span class=\"s2\">Les principaux responsables du Hamas ont en effet surv\u00e9cu. Selon plusieurs r\u00e9cits relay\u00e9s par des m\u00e9dias r\u00e9gionaux, ils auraient quitt\u00e9 leur r\u00e9union pour accomplir la pri\u00e8re, en laissant leurs t\u00e9l\u00e9phones portables sur place. Les signaux des appareils auraient induit en erreur les syst\u00e8mes de tra\u00e7age isra\u00e9liens, donnant l\u2019illusion de leur pr\u00e9sence dans le b\u00e2timent cibl\u00e9. Cette version n\u2019a pas \u00e9t\u00e9 confirm\u00e9e de mani\u00e8re ind\u00e9pendante.<\/span><\/p>\n<p class=\"p2\"><span class=\"s2\">Cette issue rappelle que, dans les conflits modernes, la sup\u00e9riorit\u00e9 technologique ne garantit pas toujours le succ\u00e8s : face aux al\u00e9as humains et aux situations impr\u00e9visibles, m\u00eame les op\u00e9rations les plus pr\u00e9par\u00e9es peuvent se solder par un \u00e9chec strat\u00e9gique.<\/span><\/p>\n<p>Gildas Kinda<\/p>\n<p>www.burkinaonline.net<\/p>\n","protected":false},"excerpt":{"rendered":"<p>Isra\u00ebl a revendiqu\u00e9, mardi 9 septembre, une frappe cibl\u00e9e \u00e0 Doha contre la direction politique&#8230;<\/p>\n","protected":false},"author":1,"featured_media":8488,"comment_status":"open","ping_status":"open","sticky":false,"template":"","format":"standard","meta":{"footnotes":""},"categories":[8,18,11],"tags":[],"class_list":["post-8487","post","type-post","status-publish","format-standard","has-post-thumbnail","hentry","category-post","category-international","category-politique"],"_links":{"self":[{"href":"https:\/\/burkinaonline.net\/index.php?rest_route=\/wp\/v2\/posts\/8487","targetHints":{"allow":["GET"]}}],"collection":[{"href":"https:\/\/burkinaonline.net\/index.php?rest_route=\/wp\/v2\/posts"}],"about":[{"href":"https:\/\/burkinaonline.net\/index.php?rest_route=\/wp\/v2\/types\/post"}],"author":[{"embeddable":true,"href":"https:\/\/burkinaonline.net\/index.php?rest_route=\/wp\/v2\/users\/1"}],"replies":[{"embeddable":true,"href":"https:\/\/burkinaonline.net\/index.php?rest_route=%2Fwp%2Fv2%2Fcomments&post=8487"}],"version-history":[{"count":1,"href":"https:\/\/burkinaonline.net\/index.php?rest_route=\/wp\/v2\/posts\/8487\/revisions"}],"predecessor-version":[{"id":8489,"href":"https:\/\/burkinaonline.net\/index.php?rest_route=\/wp\/v2\/posts\/8487\/revisions\/8489"}],"wp:featuredmedia":[{"embeddable":true,"href":"https:\/\/burkinaonline.net\/index.php?rest_route=\/wp\/v2\/media\/8488"}],"wp:attachment":[{"href":"https:\/\/burkinaonline.net\/index.php?rest_route=%2Fwp%2Fv2%2Fmedia&parent=8487"}],"wp:term":[{"taxonomy":"category","embeddable":true,"href":"https:\/\/burkinaonline.net\/index.php?rest_route=%2Fwp%2Fv2%2Fcategories&post=8487"},{"taxonomy":"post_tag","embeddable":true,"href":"https:\/\/burkinaonline.net\/index.php?rest_route=%2Fwp%2Fv2%2Ftags&post=8487"}],"curies":[{"name":"wp","href":"https:\/\/api.w.org\/{rel}","templated":true}]}}