{"id":8496,"date":"2025-09-11T10:42:04","date_gmt":"2025-09-11T10:42:04","guid":{"rendered":"https:\/\/burkinaonline.net\/?p=8496"},"modified":"2025-09-11T10:42:04","modified_gmt":"2025-09-11T10:42:04","slug":"la-france-en-ebullition-mobilisation-sociale-et-tensions-a-paris-et-dans-les-grandes-villes","status":"publish","type":"post","link":"https:\/\/burkinaonline.net\/?p=8496","title":{"rendered":"La France en \u00e9bullition : Mobilisation sociale et tensions \u00e0 Paris et dans les grandes villes"},"content":{"rendered":"<p class=\"p1\"><span class=\"s1\">Hier, la France a v\u00e9cu une journ\u00e9e intense, marqu\u00e9e par une mobilisation sociale nationale sous le slogan \u201cBloquons tout\u201d et des tensions localis\u00e9es dans plusieurs grandes villes. Entre blocages, perturbations des transports et incidents \u00e0 Paris, la journ\u00e9e illustre la France en \u00e9bullition, confront\u00e9e \u00e0 des contestations populaires et \u00e0 des r\u00e9ponses muscl\u00e9es des autorit\u00e9s.<\/span><\/p>\n<p class=\"p1\"><span class=\"s1\">Une mobilisation nationale<\/span><\/p>\n<p class=\"p1\"><span class=\"s1\">Le mouvement \u201cBloquons tout\u201d, organis\u00e9 via les r\u00e9seaux sociaux, a rassembl\u00e9 entre 175\u202f000 et 250\u202f000 participants \u00e0 travers le pays. Cette mobilisation a concern\u00e9 plusieurs villes, avec 262 points de blocage recens\u00e9s, incluant routes nationales, autoroutes et axes secondaires, provoquant d\u2019importantes perturbations du trafic.<\/span><\/p>\n<p class=\"p1\"><span class=\"s1\">Manifestations par ville<\/span><\/p>\n<p class=\"p3\"><span class=\"s1\"> \u2022 Lyon : plusieurs axes principaux bloqu\u00e9s, notamment l\u2019A7 et l\u2019A6, avec des barrages filtrants et des piquets sur les ronds-points. Des \u00e9chauffour\u00e9es autour de la gare Part-Dieu ont entra\u00een\u00e9 35 interpellations.<\/span><\/p>\n<p class=\"p3\"><span class=\"s1\"> \u2022 Marseille : les entr\u00e9es de ports et certains carrefours strat\u00e9giques ont \u00e9t\u00e9 cibl\u00e9s, perturbant le transport routier et ferroviaire. Les forces de l\u2019ordre ont proc\u00e9d\u00e9 \u00e0 42 interpellations.<\/span><\/p>\n<p class=\"p3\"><span class=\"s1\"> \u2022 Rennes : des blocages pr\u00e8s des centres commerciaux et des universit\u00e9s ont provoqu\u00e9 des embouteillages importants, avec 12 interpellations.<\/span><\/p>\n<p class=\"p3\"><span class=\"s1\"> \u2022 Toulouse : actions symboliques devant la mairie et le Capitole, combinant cort\u00e8ges pacifiques et barrages de routes, entra\u00eenant 18 interpellations.<\/span><\/p>\n<p class=\"p4\"><span class=\"s1\">Les manifestations ont pris diff\u00e9rentes formes selon les lieux. Sur les ronds-points et les axes routiers, les participants ont install\u00e9 des barrages \u00e0 l\u2019aide de palettes, de v\u00e9hicules et de banderoles, provoquant des ralentissements importants. Le transport ferroviaire a \u00e9galement \u00e9t\u00e9 perturb\u00e9, certaines lignes r\u00e9gionales de la SNCF connaissant retards et annulations \u00e0 cause de piquets de gr\u00e8ve. Dans les centres commerciaux et zones urbaines, comme le Forum des Halles \u00e0 Paris ou le centre Part-Dieu \u00e0 Lyon, les commerces ont d\u00fb fermer temporairement. Enfin, les manifestations ont parfois cibl\u00e9 des symboles politiques et institutionnels, avec des rassemblements devant des mairies, pr\u00e9fectures ou b\u00e2timents publics, afin de faire passer un message politique fort.<\/span><\/p>\n<p class=\"p1\"><span class=\"s1\">Paris sous haute tension<\/span><\/p>\n<p class=\"p1\"><span class=\"s1\">La capitale a \u00e9t\u00e9 particuli\u00e8rement touch\u00e9e :<\/span><\/p>\n<p class=\"p3\"><span class=\"s1\"> \u2022 211 interpellations ont \u00e9t\u00e9 effectu\u00e9es pour contenir les d\u00e9bordements.<\/span><\/p>\n<p class=\"p3\"><span class=\"s1\"> \u2022 Plusieurs incidents signal\u00e9s, dont un incendie dans le quartier de Ch\u00e2telet, n\u00e9cessitant l\u2019intervention rapide des pompiers.<\/span><\/p>\n<p class=\"p3\"><span class=\"s1\"> \u2022 Le Forum des Halles, l\u2019un des centres commerciaux les plus fr\u00e9quent\u00e9s, a \u00e9t\u00e9 ferm\u00e9 temporairement apr\u00e8s des appels aux pillages sur les r\u00e9seaux sociaux.<\/span><\/p>\n<p class=\"p3\"><span class=\"s1\"> \u2022 Pour s\u00e9curiser la zone, certaines stations de m\u00e9tro et RER autour de Ch\u00e2telet ont \u00e9t\u00e9 ferm\u00e9es, perturbant les transports en commun.<\/span><\/p>\n<p class=\"p3\"><span class=\"s1\">Si la mobilisation a \u00e9t\u00e9 majoritairement pacifique dans la plupart des villes, des poches de tension et des violences localis\u00e9es ont illustr\u00e9 la difficult\u00e9 des autorit\u00e9s \u00e0 g\u00e9rer l\u2019ampleur nationale et l\u2019intensit\u00e9 des actions dans la capitale.<\/span><\/p>\n<p class=\"p1\"><span class=\"s1\">Nak\u00e9 Alex<\/span><\/p>\n<p class=\"p1\"><span class=\"s2\">#BurkinaOnline <\/span><\/p>\n","protected":false},"excerpt":{"rendered":"<p>Hier, la France a v\u00e9cu une journ\u00e9e intense, marqu\u00e9e par une mobilisation sociale nationale sous&#8230;<\/p>\n","protected":false},"author":1,"featured_media":8497,"comment_status":"open","ping_status":"open","sticky":false,"template":"","format":"standard","meta":{"footnotes":""},"categories":[8,18,11],"tags":[],"class_list":["post-8496","post","type-post","status-publish","format-standard","has-post-thumbnail","hentry","category-post","category-international","category-politique"],"_links":{"self":[{"href":"https:\/\/burkinaonline.net\/index.php?rest_route=\/wp\/v2\/posts\/8496","targetHints":{"allow":["GET"]}}],"collection":[{"href":"https:\/\/burkinaonline.net\/index.php?rest_route=\/wp\/v2\/posts"}],"about":[{"href":"https:\/\/burkinaonline.net\/index.php?rest_route=\/wp\/v2\/types\/post"}],"author":[{"embeddable":true,"href":"https:\/\/burkinaonline.net\/index.php?rest_route=\/wp\/v2\/users\/1"}],"replies":[{"embeddable":true,"href":"https:\/\/burkinaonline.net\/index.php?rest_route=%2Fwp%2Fv2%2Fcomments&post=8496"}],"version-history":[{"count":1,"href":"https:\/\/burkinaonline.net\/index.php?rest_route=\/wp\/v2\/posts\/8496\/revisions"}],"predecessor-version":[{"id":8498,"href":"https:\/\/burkinaonline.net\/index.php?rest_route=\/wp\/v2\/posts\/8496\/revisions\/8498"}],"wp:featuredmedia":[{"embeddable":true,"href":"https:\/\/burkinaonline.net\/index.php?rest_route=\/wp\/v2\/media\/8497"}],"wp:attachment":[{"href":"https:\/\/burkinaonline.net\/index.php?rest_route=%2Fwp%2Fv2%2Fmedia&parent=8496"}],"wp:term":[{"taxonomy":"category","embeddable":true,"href":"https:\/\/burkinaonline.net\/index.php?rest_route=%2Fwp%2Fv2%2Fcategories&post=8496"},{"taxonomy":"post_tag","embeddable":true,"href":"https:\/\/burkinaonline.net\/index.php?rest_route=%2Fwp%2Fv2%2Ftags&post=8496"}],"curies":[{"name":"wp","href":"https:\/\/api.w.org\/{rel}","templated":true}]}}