{"id":8509,"date":"2025-09-12T17:20:19","date_gmt":"2025-09-12T17:20:19","guid":{"rendered":"https:\/\/burkinaonline.net\/?p=8509"},"modified":"2025-09-12T17:20:50","modified_gmt":"2025-09-12T17:20:50","slug":"premiere-mondiale-lalbanie-nomme-une-intelligence-artificielle-ministre-charge-des-marches-publics","status":"publish","type":"post","link":"https:\/\/burkinaonline.net\/?p=8509","title":{"rendered":"Premi\u00e8re mondiale : L\u2019Albanie nomme une intelligence artificielle ministre charg\u00e9 des march\u00e9s publics"},"content":{"rendered":"<p class=\"p1\">Tirana, Albanie- Le gouvernement albanais a fait un pas audacieux vers l\u2019avenir en nommant un ministre virtuel g\u00e9n\u00e9r\u00e9 par l\u2019intelligence artificielle. Baptis\u00e9 \u201cDiella\u201d, ce ministre d\u2019un nouveau genre a pour mission de superviser le minist\u00e8re des March\u00e9s publics, une initiative sans pr\u00e9c\u00e9dent visant \u00e0 combattre la corruption et \u00e0 garantir la transparence.<\/p>\n<p class=\"p1\"><span class=\"s1\">L\u2019annonce a \u00e9t\u00e9 faite le 11 septembre 2025 par le Premier ministre albanais, Edi Rama, qui a pr\u00e9sent\u00e9 Diella non pas comme un robot physique, mais comme une entit\u00e9 virtuelle con\u00e7ue pour examiner et analyser l\u2019ensemble des processus d\u2019appels d\u2019offres. Sa fonction principale est de v\u00e9rifier l\u2019exactitude et la l\u00e9galit\u00e9 des proc\u00e9dures, en signalant imm\u00e9diatement toute anomalie ou signe de fraude.<\/span><\/p>\n<p class=\"p1\"><span class=\"s1\">Cette d\u00e9cision s\u2019inscrit dans une volont\u00e9 forte de moderniser l\u2019administration publique et de r\u00e9tablir la confiance des citoyens. Les march\u00e9s publics sont un secteur particuli\u00e8rement vuln\u00e9rable \u00e0 la corruption, et le recours \u00e0 une intelligence artificielle impartiale est per\u00e7u comme une solution radicale pour y mettre fin. Diella a la capacit\u00e9 de traiter en quelques secondes des volumes de donn\u00e9es qui prendraient des semaines, voire des mois, \u00e0 un \u00eatre humain.<\/span><\/p>\n<p class=\"p1\"><span class=\"s1\">Selon le gouvernement, la nomination de ce ministre virtuel ne vise pas \u00e0 remplacer les fonctionnaires, mais \u00e0 leur fournir un outil puissant pour travailler de mani\u00e8re plus efficace et plus juste. Le r\u00f4le des ministres et des employ\u00e9s humains se concentrera d\u00e9sormais sur les aspects strat\u00e9giques et les d\u00e9cisions finales, en s\u2019appuyant sur les analyses objectives de Diella.<\/span><\/p>\n<p class=\"p1\"><span class=\"s1\">L\u2019Albanie se positionne ainsi comme un pionnier dans l\u2019int\u00e9gration de l\u2019IA au plus haut niveau de l\u2019\u00c9tat. Si cette exp\u00e9rience s\u2019av\u00e8re concluante, elle pourrait bien servir de mod\u00e8le pour d\u2019autres pays cherchant \u00e0 r\u00e9volutionner leur gouvernance et \u00e0 assainir leurs institutions. L\u2019arriv\u00e9e de Diella marque un tournant, o\u00f9 la technologie devient non seulement un outil, mais un acteur \u00e0 part enti\u00e8re de la vie politique.<\/span><\/p>\n<p>Le Burkina Faso ne doit pas ignorer de telles initiatives. Imaginer des minist\u00e8res ou des services publics o\u00f9 l\u2019intelligence artificielle prendrait en charge certaines missions pourrait transformer notre pays. Les machines sont capables de traiter rapidement et objectivement de grandes quantit\u00e9s de donn\u00e9es, de d\u00e9tecter les irr\u00e9gularit\u00e9s et de proposer des solutions efficaces. Il est temps d\u2019y penser s\u00e9rieusement : nous avons les moyens de combiner intelligence humaine et puissance des machines pour am\u00e9liorer notre gouvernance et r\u00e9pondre aux d\u00e9fis qui nous d\u00e9passent aujourd\u2019hui.<\/p>\n<p class=\"p1\"><span class=\"s1\">Gildas Kinda <\/span><\/p>\n<p class=\"p1\"><span class=\"s2\">www.burkinaonline.net<\/span><\/p>\n","protected":false},"excerpt":{"rendered":"<p>Tirana, Albanie- Le gouvernement albanais a fait un pas audacieux vers l\u2019avenir en nommant un&#8230;<\/p>\n","protected":false},"author":1,"featured_media":8511,"comment_status":"open","ping_status":"open","sticky":false,"template":"","format":"standard","meta":{"footnotes":""},"categories":[8,10,31,18,1,11],"tags":[],"class_list":["post-8509","post","type-post","status-publish","format-standard","has-post-thumbnail","hentry","category-post","category-burkina-faso","category-hig-tech","category-international","category-non-classe","category-politique"],"_links":{"self":[{"href":"https:\/\/burkinaonline.net\/index.php?rest_route=\/wp\/v2\/posts\/8509","targetHints":{"allow":["GET"]}}],"collection":[{"href":"https:\/\/burkinaonline.net\/index.php?rest_route=\/wp\/v2\/posts"}],"about":[{"href":"https:\/\/burkinaonline.net\/index.php?rest_route=\/wp\/v2\/types\/post"}],"author":[{"embeddable":true,"href":"https:\/\/burkinaonline.net\/index.php?rest_route=\/wp\/v2\/users\/1"}],"replies":[{"embeddable":true,"href":"https:\/\/burkinaonline.net\/index.php?rest_route=%2Fwp%2Fv2%2Fcomments&post=8509"}],"version-history":[{"count":1,"href":"https:\/\/burkinaonline.net\/index.php?rest_route=\/wp\/v2\/posts\/8509\/revisions"}],"predecessor-version":[{"id":8510,"href":"https:\/\/burkinaonline.net\/index.php?rest_route=\/wp\/v2\/posts\/8509\/revisions\/8510"}],"wp:featuredmedia":[{"embeddable":true,"href":"https:\/\/burkinaonline.net\/index.php?rest_route=\/wp\/v2\/media\/8511"}],"wp:attachment":[{"href":"https:\/\/burkinaonline.net\/index.php?rest_route=%2Fwp%2Fv2%2Fmedia&parent=8509"}],"wp:term":[{"taxonomy":"category","embeddable":true,"href":"https:\/\/burkinaonline.net\/index.php?rest_route=%2Fwp%2Fv2%2Fcategories&post=8509"},{"taxonomy":"post_tag","embeddable":true,"href":"https:\/\/burkinaonline.net\/index.php?rest_route=%2Fwp%2Fv2%2Ftags&post=8509"}],"curies":[{"name":"wp","href":"https:\/\/api.w.org\/{rel}","templated":true}]}}