{"id":8520,"date":"2025-09-14T09:06:55","date_gmt":"2025-09-14T09:06:55","guid":{"rendered":"https:\/\/burkinaonline.net\/?p=8520"},"modified":"2025-09-14T09:18:39","modified_gmt":"2025-09-14T09:18:39","slug":"gaza-le-chef-du-gouvernement-espagnol-engage-une-confrontation-diplomatique-contre-israel","status":"publish","type":"post","link":"https:\/\/burkinaonline.net\/?p=8520","title":{"rendered":"Gaza : le chef du gouvernement espagnol engage une confrontation diplomatique avec  Isra\u00ebl"},"content":{"rendered":"<p class=\"p2\"><span class=\"s1\">Les relations entre Madrid et Tel-Aviv connaissent une s\u00e9rieuse d\u00e9gradation depuis la fin de l\u2019ann\u00e9e 2023. Les critiques r\u00e9p\u00e9t\u00e9es du Premier ministre espagnol Pedro S\u00e1nchez contre l\u2019action militaire isra\u00e9lienne \u00e0 Gaza ont d\u00e9bouch\u00e9, en 2024 et 2025, sur un affrontement diplomatique de plus en plus marqu\u00e9.<\/span><\/p>\n<p class=\"p2\"><span class=\"s1\">Novembre 2023 : premiers doutes exprim\u00e9s<\/span><\/p>\n<p class=\"p2\"><span class=\"s1\">Le 30 novembre 2023, en pleine reprise des bombardements isra\u00e9liens sur la bande de Gaza, Pedro S\u00e1nchez d\u00e9clare avoir de \u00ab s\u00e9rieux doutes \u00bb quant au respect par Isra\u00ebl du droit international humanitaire, au vu du nombre \u00e9lev\u00e9 de victimes civiles palestiniennes. Ces propos suscitent d\u00e9j\u00e0 l\u2019hostilit\u00e9 des autorit\u00e9s isra\u00e9liennes.<\/span><\/p>\n<p class=\"p2\"><span class=\"s1\">Avril 2024 : critique de la \u00ab r\u00e9ponse disproportionn\u00e9e \u00bb<\/span><\/p>\n<p class=\"p2\"><span class=\"s1\">Le 10 avril 2024, S\u00e1nchez estime publiquement que les attaques isra\u00e9liennes constituent une \u00ab r\u00e9ponse disproportionn\u00e9e \u00bb et qu\u2019elles menacent la stabilit\u00e9 du Moyen-Orient et au-del\u00e0. Cette d\u00e9claration renforce le malaise entre les deux capitales et marque un tournant dans la ligne diplomatique espagnole.<\/span><\/p>\n<p class=\"p2\"><span class=\"s1\">Septembre 2025 : la rupture s\u2019acc\u00e9l\u00e8re<\/span><\/p>\n<p class=\"p2\"><span class=\"s1\">Le 8 septembre 2025, Pedro S\u00e1nchez annonce une s\u00e9rie de mesures destin\u00e9es \u00e0 \u00ab freiner l\u2019extermination du peuple palestinien \u00bb :<\/span><\/p>\n<p class=\"p3\"><span class=\"s1\"> \u2022 embargo sur les ventes d\u2019armes \u00e0 Isra\u00ebl ;<\/span><\/p>\n<p class=\"p3\"><span class=\"s1\"> \u2022 interdiction d\u2019acc\u00e8s aux ports espagnols pour les navires transportant du carburant \u00e0 usage militaire isra\u00e9lien ;<\/span><\/p>\n<p class=\"p2\"><span class=\"s1\"> \u2022 augmentation de l\u2019aide humanitaire et du soutien \u00e0 l\u2019UNRWA (Office de secours et de travaux des Nations unies pour les r\u00e9fugi\u00e9s de Palestine dans le Proche-Orient).<\/span><\/p>\n<p class=\"p3\"><span class=\"s1\">Lors de ce m\u00eame discours, il prononce deux phrases devenues embl\u00e9matiques :<\/span><\/p>\n<p class=\"p3\"><span class=\"s1\"> \u2022 \u00ab L\u2019Espagne n\u2019a pas de bombes nucl\u00e9aires, ni de porte-avions, ni de grandes r\u00e9serves de p\u00e9trole. \u00c0 nous seuls, nous ne pouvons pas arr\u00eater l\u2019offensive isra\u00e9lienne, mais nous ferons tout pour y mettre fin. \u00bb<\/span><\/p>\n<p class=\"p3\"><span class=\"s1\"> \u2022 \u00ab Nous ne faisons pas de commerce avec un \u00c9tat g\u00e9nocidaire. \u00bb<\/span><\/p>\n<p class=\"p2\"><span class=\"s1\">R\u00e9action isra\u00e9lienne : col\u00e8re et sanctions diplomatiques<\/span><\/p>\n<p class=\"p2\"><span class=\"s1\">D\u00e8s le lendemain, le bureau du Premier ministre Benjamin Netanyahu d\u00e9nonce une \u00ab menace g\u00e9nocidaire flagrante \u00bb, accusant S\u00e1nchez de calomnier Isra\u00ebl. Tel-Aviv convoque l\u2019ambassadeur d\u2019Espagne et interdit l\u2019entr\u00e9e sur son territoire \u00e0 deux ministres espagnols. Madrid r\u00e9plique en convoquant le charg\u00e9 d\u2019affaires isra\u00e9lien.<\/span><\/p>\n<p class=\"p2\"><span class=\"s1\">Un climat bilat\u00e9ral empoisonn\u00e9<\/span><\/p>\n<p class=\"p2\"><span class=\"s1\">Ces tensions s\u2019ajoutent \u00e0 un d\u00e9bat europ\u00e9en plus large : l\u2019Espagne milite d\u00e9sormais pour une suspension de l\u2019accord d\u2019association entre l\u2019Union europ\u00e9enne et Isra\u00ebl, au nom du respect des droits humains. De son c\u00f4t\u00e9, Isra\u00ebl accuse Madrid d\u2019\u00ab instrumentaliser le conflit \u00bb pour des raisons politiques internes et d\u2019attiser un climat hostile.<\/span><\/p>\n<p class=\"p2\"><span class=\"s1\">Une fracture diplomatique cristallis\u00e9e en moins de deux ans<\/span><\/p>\n<p class=\"p2\"><span class=\"s1\">En moins de deux ans, la relation entre l\u2019Espagne et Isra\u00ebl est pass\u00e9e d\u2019une coop\u00e9ration prudente \u00e0 une confrontation ouverte. Les d\u00e9clarations de Pedro S\u00e1nchez, en particulier celles du 8 septembre 2025, ont cristallis\u00e9 une fracture diplomatique profonde, dont l\u2019\u00e9volution d\u00e9pendra autant de la situation \u00e0 Gaza que des \u00e9quilibres politiques europ\u00e9ens.<\/span><\/p>\n<p class=\"p2\"><span class=\"s1\">Gildas Kinda <\/span><\/p>\n<p class=\"p2\"><span class=\"s2\">www.burkinaonline.net<\/span><\/p>\n","protected":false},"excerpt":{"rendered":"<p>Les relations entre Madrid et Tel-Aviv connaissent une s\u00e9rieuse d\u00e9gradation depuis la fin de l\u2019ann\u00e9e&#8230;<\/p>\n","protected":false},"author":1,"featured_media":8521,"comment_status":"open","ping_status":"open","sticky":false,"template":"","format":"standard","meta":{"footnotes":""},"categories":[8,18,11],"tags":[],"class_list":["post-8520","post","type-post","status-publish","format-standard","has-post-thumbnail","hentry","category-post","category-international","category-politique"],"_links":{"self":[{"href":"https:\/\/burkinaonline.net\/index.php?rest_route=\/wp\/v2\/posts\/8520","targetHints":{"allow":["GET"]}}],"collection":[{"href":"https:\/\/burkinaonline.net\/index.php?rest_route=\/wp\/v2\/posts"}],"about":[{"href":"https:\/\/burkinaonline.net\/index.php?rest_route=\/wp\/v2\/types\/post"}],"author":[{"embeddable":true,"href":"https:\/\/burkinaonline.net\/index.php?rest_route=\/wp\/v2\/users\/1"}],"replies":[{"embeddable":true,"href":"https:\/\/burkinaonline.net\/index.php?rest_route=%2Fwp%2Fv2%2Fcomments&post=8520"}],"version-history":[{"count":2,"href":"https:\/\/burkinaonline.net\/index.php?rest_route=\/wp\/v2\/posts\/8520\/revisions"}],"predecessor-version":[{"id":8523,"href":"https:\/\/burkinaonline.net\/index.php?rest_route=\/wp\/v2\/posts\/8520\/revisions\/8523"}],"wp:featuredmedia":[{"embeddable":true,"href":"https:\/\/burkinaonline.net\/index.php?rest_route=\/wp\/v2\/media\/8521"}],"wp:attachment":[{"href":"https:\/\/burkinaonline.net\/index.php?rest_route=%2Fwp%2Fv2%2Fmedia&parent=8520"}],"wp:term":[{"taxonomy":"category","embeddable":true,"href":"https:\/\/burkinaonline.net\/index.php?rest_route=%2Fwp%2Fv2%2Fcategories&post=8520"},{"taxonomy":"post_tag","embeddable":true,"href":"https:\/\/burkinaonline.net\/index.php?rest_route=%2Fwp%2Fv2%2Ftags&post=8520"}],"curies":[{"name":"wp","href":"https:\/\/api.w.org\/{rel}","templated":true}]}}