{"id":8528,"date":"2025-09-14T11:00:20","date_gmt":"2025-09-14T11:00:20","guid":{"rendered":"https:\/\/burkinaonline.net\/?p=8528"},"modified":"2025-09-14T11:00:20","modified_gmt":"2025-09-14T11:00:20","slug":"finance-fitch-abaisse-la-note-de-la-france-a-a-un-plus-bas-historique","status":"publish","type":"post","link":"https:\/\/burkinaonline.net\/?p=8528","title":{"rendered":"Finance : Fitch abaisse la note de la France \u00e0 A+, un plus bas historique"},"content":{"rendered":"<p class=\"p1\"><span class=\"s1\">Le 12 septembre 2025, l\u2019agence de notation Fitch a abaiss\u00e9 la note de cr\u00e9dit souveraine de la France de AA- \u00e0 A+, un plus bas historique. Cette d\u00e9cision refl\u00e8te les inqui\u00e9tudes croissantes concernant l\u2019instabilit\u00e9 politique et la gestion des finances publiques du pays.<\/span><\/p>\n<p class=\"p1\"><span class=\"s1\">Contexte \u00e9conomique et politique<\/span><\/p>\n<p class=\"p1\"><span class=\"s1\">La France affiche un d\u00e9ficit budg\u00e9taire de 5,4 % du PIB, le plus \u00e9lev\u00e9 de la zone euro, et une dette publique d\u00e9passant les 113 % du PIB. Cette situation a \u00e9t\u00e9 exacerb\u00e9e par la d\u00e9mission du Premier ministre Fran\u00e7ois Bayrou, renvers\u00e9 par une motion de censure li\u00e9e \u00e0 un plan d\u2019aust\u00e9rit\u00e9 de 44 milliards d\u2019euros. Son successeur, S\u00e9bastien Lecornu, a h\u00e9rit\u00e9 d\u2019un parlement fragment\u00e9 et doit pr\u00e9senter un nouveau budget d\u2019ici le 7 octobre, dans un contexte de taux d\u2019int\u00e9r\u00eat en hausse<span class=\"Apple-converted-space\">\u00a0 <\/span>.<\/span><\/p>\n<p class=\"p1\"><span class=\"s1\">Cons\u00e9quences \u00e9conomiques<\/span><\/p>\n<p class=\"p1\"><span class=\"s1\">Cette d\u00e9gradation de la note pourrait entra\u00eener une augmentation des co\u00fbts d\u2019emprunt pour la France, affectant ainsi sa capacit\u00e9 \u00e0 financer ses projets et \u00e0 r\u00e9pondre aux besoins sociaux. De plus, elle pourrait avoir des r\u00e9percussions sur la confiance des investisseurs et sur la stabilit\u00e9 \u00e9conomique du pays.<\/span><\/p>\n<p class=\"p1\"><span class=\"s1\">Perspectives<\/span><\/p>\n<p class=\"p1\"><span class=\"s1\">Fitch a maintenu une perspective stable, mais a averti que la France pourrait avoir du mal \u00e0 stabiliser sa dette publique avant 2027. L\u2019agence a \u00e9galement exprim\u00e9 des doutes quant \u00e0 la capacit\u00e9 du gouvernement \u00e0 mener des r\u00e9formes fiscales efficaces dans un climat politique incertain<span class=\"Apple-converted-space\">\u00a0 <\/span>.<\/span><\/p>\n<p class=\"p1\"><span class=\"s1\">La situation actuelle souligne la n\u00e9cessit\u00e9 pour la France de trouver un \u00e9quilibre entre rigueur budg\u00e9taire et soutien \u00e0 la croissance, tout en naviguant dans un environnement politique complexe.<\/span><\/p>\n<p class=\"p1\"><span class=\"s1\">Nak\u00e9 Alex<\/span><\/p>\n<p class=\"p1\"><span class=\"s1\">www.burkinaonline.net<\/span><\/p>\n","protected":false},"excerpt":{"rendered":"<p>Le 12 septembre 2025, l\u2019agence de notation Fitch a abaiss\u00e9 la note de cr\u00e9dit souveraine&#8230;<\/p>\n","protected":false},"author":1,"featured_media":8529,"comment_status":"open","ping_status":"open","sticky":false,"template":"","format":"standard","meta":{"footnotes":""},"categories":[8,15,18],"tags":[],"class_list":["post-8528","post","type-post","status-publish","format-standard","has-post-thumbnail","hentry","category-post","category-economie","category-international"],"_links":{"self":[{"href":"https:\/\/burkinaonline.net\/index.php?rest_route=\/wp\/v2\/posts\/8528","targetHints":{"allow":["GET"]}}],"collection":[{"href":"https:\/\/burkinaonline.net\/index.php?rest_route=\/wp\/v2\/posts"}],"about":[{"href":"https:\/\/burkinaonline.net\/index.php?rest_route=\/wp\/v2\/types\/post"}],"author":[{"embeddable":true,"href":"https:\/\/burkinaonline.net\/index.php?rest_route=\/wp\/v2\/users\/1"}],"replies":[{"embeddable":true,"href":"https:\/\/burkinaonline.net\/index.php?rest_route=%2Fwp%2Fv2%2Fcomments&post=8528"}],"version-history":[{"count":1,"href":"https:\/\/burkinaonline.net\/index.php?rest_route=\/wp\/v2\/posts\/8528\/revisions"}],"predecessor-version":[{"id":8530,"href":"https:\/\/burkinaonline.net\/index.php?rest_route=\/wp\/v2\/posts\/8528\/revisions\/8530"}],"wp:featuredmedia":[{"embeddable":true,"href":"https:\/\/burkinaonline.net\/index.php?rest_route=\/wp\/v2\/media\/8529"}],"wp:attachment":[{"href":"https:\/\/burkinaonline.net\/index.php?rest_route=%2Fwp%2Fv2%2Fmedia&parent=8528"}],"wp:term":[{"taxonomy":"category","embeddable":true,"href":"https:\/\/burkinaonline.net\/index.php?rest_route=%2Fwp%2Fv2%2Fcategories&post=8528"},{"taxonomy":"post_tag","embeddable":true,"href":"https:\/\/burkinaonline.net\/index.php?rest_route=%2Fwp%2Fv2%2Ftags&post=8528"}],"curies":[{"name":"wp","href":"https:\/\/api.w.org\/{rel}","templated":true}]}}