{"id":8544,"date":"2025-09-16T20:31:02","date_gmt":"2025-09-16T20:31:02","guid":{"rendered":"https:\/\/burkinaonline.net\/?p=8544"},"modified":"2025-09-16T20:31:02","modified_gmt":"2025-09-16T20:31:02","slug":"aes-le-mali-le-burkina-faso-et-le-niger-preparent-leur-retrait-de-la-cpi","status":"publish","type":"post","link":"https:\/\/burkinaonline.net\/?p=8544","title":{"rendered":"#AES : Le Mali, le Burkina Faso et le Niger pr\u00e9parent leur retrait de la CPI"},"content":{"rendered":"<p class=\"p1\"><span class=\"s1\">Le Mali, le Burkina Faso et le Niger, membres de l\u2019Alliance des \u00c9tats du Sahel (AES), pr\u00e9parent leur retrait coordonn\u00e9 de la Cour p\u00e9nale internationale (CPI). Cette d\u00e9cision a \u00e9t\u00e9 \u00e9voqu\u00e9e lors d\u2019un sommet extraordinaire des ministres de la Justice des trois pays, tenu le 16 septembre 2025 \u00e0 Niamey. Selon des sources proches du dossier, une annonce officielle devrait intervenir prochainement<span class=\"Apple-converted-space\">\u00a0 <\/span>.<\/span><\/p>\n<p class=\"p1\"><span class=\"s1\">Cette initiative s\u2019inscrit dans un contexte de retrait progressif de ces pays de certaines institutions internationales. En janvier 2025, ils ont quitt\u00e9 la Communaut\u00e9 \u00e9conomique des \u00c9tats de l\u2019Afrique de l\u2019Ouest (CEDEAO), d\u00e9non\u00e7ant des sanctions jug\u00e9es injustifi\u00e9es et une ing\u00e9rence \u00e9trang\u00e8re . Ils ont \u00e9galement quitt\u00e9 l\u2019Organisation internationale de la Francophonie (OIF), accusant cette organisation d\u2019\u00eatre un instrument politique au service des int\u00e9r\u00eats fran\u00e7ais<span class=\"Apple-converted-space\">\u00a0 <\/span>.<\/span><\/p>\n<p class=\"p1\"><span class=\"s1\">Le retrait de la CPI vise \u00e0 renforcer la souverainet\u00e9 nationale et \u00e0 affirmer une ind\u00e9pendance vis-\u00e0-vis de certaines institutions internationales per\u00e7ues comme partiales ou influenc\u00e9es par des puissances ext\u00e9rieures.<\/span><\/p>\n<p class=\"p1\"><span class=\"s1\">Gilda Kinda <\/span><\/p>\n<p class=\"p1\"><span class=\"s1\">www.burkinaonline.net<\/span><\/p>\n<p class=\"p1\"><span class=\"s1\">#BurkinaOnline <\/span><\/p>\n","protected":false},"excerpt":{"rendered":"<p>Le Mali, le Burkina Faso et le Niger, membres de l\u2019Alliance des \u00c9tats du Sahel&#8230;<\/p>\n","protected":false},"author":1,"featured_media":8545,"comment_status":"open","ping_status":"open","sticky":false,"template":"","format":"standard","meta":{"footnotes":""},"categories":[8,30,10,18,11],"tags":[],"class_list":["post-8544","post","type-post","status-publish","format-standard","has-post-thumbnail","hentry","category-post","category-aes","category-burkina-faso","category-international","category-politique"],"_links":{"self":[{"href":"https:\/\/burkinaonline.net\/index.php?rest_route=\/wp\/v2\/posts\/8544","targetHints":{"allow":["GET"]}}],"collection":[{"href":"https:\/\/burkinaonline.net\/index.php?rest_route=\/wp\/v2\/posts"}],"about":[{"href":"https:\/\/burkinaonline.net\/index.php?rest_route=\/wp\/v2\/types\/post"}],"author":[{"embeddable":true,"href":"https:\/\/burkinaonline.net\/index.php?rest_route=\/wp\/v2\/users\/1"}],"replies":[{"embeddable":true,"href":"https:\/\/burkinaonline.net\/index.php?rest_route=%2Fwp%2Fv2%2Fcomments&post=8544"}],"version-history":[{"count":1,"href":"https:\/\/burkinaonline.net\/index.php?rest_route=\/wp\/v2\/posts\/8544\/revisions"}],"predecessor-version":[{"id":8546,"href":"https:\/\/burkinaonline.net\/index.php?rest_route=\/wp\/v2\/posts\/8544\/revisions\/8546"}],"wp:featuredmedia":[{"embeddable":true,"href":"https:\/\/burkinaonline.net\/index.php?rest_route=\/wp\/v2\/media\/8545"}],"wp:attachment":[{"href":"https:\/\/burkinaonline.net\/index.php?rest_route=%2Fwp%2Fv2%2Fmedia&parent=8544"}],"wp:term":[{"taxonomy":"category","embeddable":true,"href":"https:\/\/burkinaonline.net\/index.php?rest_route=%2Fwp%2Fv2%2Fcategories&post=8544"},{"taxonomy":"post_tag","embeddable":true,"href":"https:\/\/burkinaonline.net\/index.php?rest_route=%2Fwp%2Fv2%2Ftags&post=8544"}],"curies":[{"name":"wp","href":"https:\/\/api.w.org\/{rel}","templated":true}]}}