{"id":8547,"date":"2025-09-17T09:49:18","date_gmt":"2025-09-17T09:49:18","guid":{"rendered":"https:\/\/burkinaonline.net\/?p=8547"},"modified":"2025-09-17T09:49:18","modified_gmt":"2025-09-17T09:49:18","slug":"ouattara-annule-a-la-derniere-minute-son-voyage-aux-nations-unies-la-politique-interieure-prime","status":"publish","type":"post","link":"https:\/\/burkinaonline.net\/?p=8547","title":{"rendered":"Ouattara annule \u00e0 la derni\u00e8re minute son voyage aux Nations Unies : la politique int\u00e9rieure prime"},"content":{"rendered":"<p class=\"p1\"><span class=\"s1\">Le pr\u00e9sident ivoirien Alassane Ouattara a annul\u00e9 \u00e0 la derni\u00e8re minute son d\u00e9placement \u00e0 New York, o\u00f9 il devait participer \u00e0 la 80\u1d49 Assembl\u00e9e g\u00e9n\u00e9rale des Nations Unies. Officiellement, le chef de l\u2019\u00c9tat a choisi de rester \u00e0 Abidjan pour faire face \u00e0 une conjoncture politique nationale marqu\u00e9e par de fortes tensions \u00e0 quelques semaines de l\u2019\u00e9lection pr\u00e9sidentielle du 25 octobre 2025.<\/span><\/p>\n<p class=\"p1\"><span class=\"s1\">Une d\u00e9cision motiv\u00e9e par les tensions politiques<\/span><\/p>\n<p class=\"p1\"><span class=\"s1\">Cette annulation intervient dans un contexte particuli\u00e8rement sensible. Le Conseil constitutionnel a r\u00e9cemment invalid\u00e9 la candidature de plusieurs figures majeures de l\u2019opposition, dont Laurent Gbagbo, Tidjane Thiam et Pascal Affi N\u2019Guessan. Ces disqualifications, per\u00e7ues comme des exclusions politiques, ont provoqu\u00e9 de vives r\u00e9actions et renforc\u00e9 la polarisation de la sc\u00e8ne politique ivoirienne.<\/span><\/p>\n<p class=\"p1\"><span class=\"s1\">Face \u00e0 cette situation, Alassane Ouattara a d\u00fb estim\u00e9 qu\u2019il \u00e9tait prioritaire de rester en C\u00f4te d\u2019Ivoire afin de suivre de pr\u00e8s l\u2019\u00e9volution du climat politique et d\u2019assurer la stabilit\u00e9 \u00e0 l\u2019approche d\u2019un scrutin pr\u00e9sidentiel d\u00e9cisif.<\/span><\/p>\n<p class=\"p1\"><span class=\"s1\">Une d\u00e9l\u00e9gation envoy\u00e9e \u00e0 New York<\/span><\/p>\n<p class=\"p1\"><span class=\"s1\">Bien qu\u2019il ne se rende pas personnellement \u00e0 New York, le pr\u00e9sident a d\u00e9sign\u00e9 une d\u00e9l\u00e9gation officielle pour repr\u00e9senter la C\u00f4te d\u2019Ivoire aux Nations Unies. Le ministre d\u2019\u00c9tat Patrick Achi conduit la d\u00e9l\u00e9gation, tandis que le ministre des Affaires \u00e9trang\u00e8res L\u00e9on Kacou Houadja Adom a \u00e9t\u00e9 charg\u00e9 de prononcer le discours initialement pr\u00e9vu pour le chef de l\u2019\u00c9tat.<\/span><\/p>\n<p class=\"p1\"><span class=\"s1\">Une annulation lourde de sens<\/span><\/p>\n<p class=\"p1\"><span class=\"s1\">L\u2019absence d\u2019Alassane Ouattara \u00e0 ce rendez-vous diplomatique de premier plan traduit la primaut\u00e9 des enjeux internes sur les consid\u00e9rations internationales. Elle r\u00e9v\u00e8le \u00e9galement la gravit\u00e9 de la crise politique que traverse le pays, o\u00f9 l\u2019exclusion de certains leaders continue d\u2019alimenter les tensions entre pouvoir et opposition.<\/span><\/p>\n<p class=\"p1\"><span class=\"s1\">Cette d\u00e9cision est per\u00e7ue comme un signal fort : pour le pr\u00e9sident ivoirien, la bataille pour la stabilit\u00e9 int\u00e9rieure et la gestion du processus \u00e9lectoral sont d\u00e9sormais des priorit\u00e9s absolues, rel\u00e9guant au second plan la pr\u00e9sence sur la sc\u00e8ne diplomatique mondiale.<\/span><\/p>\n<p class=\"p1\"><span class=\"s1\">Alex Nak\u00e9<\/span><\/p>\n<p class=\"p1\"><span class=\"s1\">www.burkinaonline.net<\/span><\/p>\n<p class=\"p1\"><span class=\"s1\">#BurkinaOnline <\/span><\/p>\n","protected":false},"excerpt":{"rendered":"<p>Le pr\u00e9sident ivoirien Alassane Ouattara a annul\u00e9 \u00e0 la derni\u00e8re minute son d\u00e9placement \u00e0 New&#8230;<\/p>\n","protected":false},"author":1,"featured_media":8548,"comment_status":"open","ping_status":"open","sticky":false,"template":"","format":"standard","meta":{"footnotes":""},"categories":[8,18,11],"tags":[],"class_list":["post-8547","post","type-post","status-publish","format-standard","has-post-thumbnail","hentry","category-post","category-international","category-politique"],"_links":{"self":[{"href":"https:\/\/burkinaonline.net\/index.php?rest_route=\/wp\/v2\/posts\/8547","targetHints":{"allow":["GET"]}}],"collection":[{"href":"https:\/\/burkinaonline.net\/index.php?rest_route=\/wp\/v2\/posts"}],"about":[{"href":"https:\/\/burkinaonline.net\/index.php?rest_route=\/wp\/v2\/types\/post"}],"author":[{"embeddable":true,"href":"https:\/\/burkinaonline.net\/index.php?rest_route=\/wp\/v2\/users\/1"}],"replies":[{"embeddable":true,"href":"https:\/\/burkinaonline.net\/index.php?rest_route=%2Fwp%2Fv2%2Fcomments&post=8547"}],"version-history":[{"count":1,"href":"https:\/\/burkinaonline.net\/index.php?rest_route=\/wp\/v2\/posts\/8547\/revisions"}],"predecessor-version":[{"id":8549,"href":"https:\/\/burkinaonline.net\/index.php?rest_route=\/wp\/v2\/posts\/8547\/revisions\/8549"}],"wp:featuredmedia":[{"embeddable":true,"href":"https:\/\/burkinaonline.net\/index.php?rest_route=\/wp\/v2\/media\/8548"}],"wp:attachment":[{"href":"https:\/\/burkinaonline.net\/index.php?rest_route=%2Fwp%2Fv2%2Fmedia&parent=8547"}],"wp:term":[{"taxonomy":"category","embeddable":true,"href":"https:\/\/burkinaonline.net\/index.php?rest_route=%2Fwp%2Fv2%2Fcategories&post=8547"},{"taxonomy":"post_tag","embeddable":true,"href":"https:\/\/burkinaonline.net\/index.php?rest_route=%2Fwp%2Fv2%2Ftags&post=8547"}],"curies":[{"name":"wp","href":"https:\/\/api.w.org\/{rel}","templated":true}]}}