{"id":8554,"date":"2025-09-18T07:33:07","date_gmt":"2025-09-18T07:33:07","guid":{"rendered":"https:\/\/burkinaonline.net\/?p=8554"},"modified":"2025-09-18T07:33:07","modified_gmt":"2025-09-18T07:33:07","slug":"cote-divoire-ouattara-recoit-le-prix-africain-pour-la-promotion-de-la-paix-2025","status":"publish","type":"post","link":"https:\/\/burkinaonline.net\/?p=8554","title":{"rendered":"C\u00f4te d\u2019Ivoire : Ouattara re\u00e7oit le Prix africain pour la promotion de la paix 2025"},"content":{"rendered":"<p class=\"p1\">Abidjan, septembre 2025-Le pr\u00e9sident ivoirien Alassane Ouattara a officiellement re\u00e7u le Prix africain pour la promotion de la paix 2025, d\u00e9cern\u00e9 par le Forum d\u2019Abu Dhabi pour la Paix.<\/p>\n<p class=\"p1\"><span class=\"s1\">L\u2019annonce de ce prix avait \u00e9t\u00e9 faite en janvier 2025, lors de la Cinqui\u00e8me Conf\u00e9rence africaine pour la promotion de la paix tenue \u00e0 Nouakchott, en Mauritanie, sous le haut patronage du pr\u00e9sident Mohamed Ould Cheikh El Ghazouani.<\/span><\/p>\n<p class=\"p1\"><span class=\"s1\">Alassane Ouattara devient ainsi le quatri\u00e8me chef d\u2019\u00c9tat africain \u00e0 recevoir ce prix, apr\u00e8s Mohamed Bazoum (Niger), Muhammadu Buhari (Nigeria) et Adama Barrow (Gambie).<\/span><\/p>\n<p class=\"p1\"><span class=\"s1\">Lors de la remise \u00e0 Abidjan, le secr\u00e9taire g\u00e9n\u00e9ral du Forum d\u2019Abu Dhabi pour la Paix a soulign\u00e9 que cette distinction r\u00e9compense \u00ab l\u2019engagement constant \u00bb du chef de l\u2019\u00c9tat ivoirien en faveur d\u2019une paix durable, du dialogue national et de la coop\u00e9ration r\u00e9gionale.<\/span><\/p>\n<p class=\"p1\"><span class=\"s2\">Gildas Kinda <\/span><\/p>\n<p class=\"p1\"><span class=\"s2\">www.burkinaonline.net<\/span><\/p>\n<p class=\"p1\"><span class=\"s2\">#BurkinaOnline <\/span><\/p>\n","protected":false},"excerpt":{"rendered":"<p>Abidjan, septembre 2025-Le pr\u00e9sident ivoirien Alassane Ouattara a officiellement re\u00e7u le Prix africain pour la&#8230;<\/p>\n","protected":false},"author":1,"featured_media":8555,"comment_status":"open","ping_status":"open","sticky":false,"template":"","format":"standard","meta":{"footnotes":""},"categories":[8,18,11],"tags":[],"class_list":["post-8554","post","type-post","status-publish","format-standard","has-post-thumbnail","hentry","category-post","category-international","category-politique"],"_links":{"self":[{"href":"https:\/\/burkinaonline.net\/index.php?rest_route=\/wp\/v2\/posts\/8554","targetHints":{"allow":["GET"]}}],"collection":[{"href":"https:\/\/burkinaonline.net\/index.php?rest_route=\/wp\/v2\/posts"}],"about":[{"href":"https:\/\/burkinaonline.net\/index.php?rest_route=\/wp\/v2\/types\/post"}],"author":[{"embeddable":true,"href":"https:\/\/burkinaonline.net\/index.php?rest_route=\/wp\/v2\/users\/1"}],"replies":[{"embeddable":true,"href":"https:\/\/burkinaonline.net\/index.php?rest_route=%2Fwp%2Fv2%2Fcomments&post=8554"}],"version-history":[{"count":1,"href":"https:\/\/burkinaonline.net\/index.php?rest_route=\/wp\/v2\/posts\/8554\/revisions"}],"predecessor-version":[{"id":8556,"href":"https:\/\/burkinaonline.net\/index.php?rest_route=\/wp\/v2\/posts\/8554\/revisions\/8556"}],"wp:featuredmedia":[{"embeddable":true,"href":"https:\/\/burkinaonline.net\/index.php?rest_route=\/wp\/v2\/media\/8555"}],"wp:attachment":[{"href":"https:\/\/burkinaonline.net\/index.php?rest_route=%2Fwp%2Fv2%2Fmedia&parent=8554"}],"wp:term":[{"taxonomy":"category","embeddable":true,"href":"https:\/\/burkinaonline.net\/index.php?rest_route=%2Fwp%2Fv2%2Fcategories&post=8554"},{"taxonomy":"post_tag","embeddable":true,"href":"https:\/\/burkinaonline.net\/index.php?rest_route=%2Fwp%2Fv2%2Ftags&post=8554"}],"curies":[{"name":"wp","href":"https:\/\/api.w.org\/{rel}","templated":true}]}}