{"id":8557,"date":"2025-09-18T10:32:33","date_gmt":"2025-09-18T10:32:33","guid":{"rendered":"https:\/\/burkinaonline.net\/?p=8557"},"modified":"2025-09-18T10:32:33","modified_gmt":"2025-09-18T10:32:33","slug":"cameroun-brenda-biya-appelle-a-ne-pas-voter-pour-son-pere-paul-biya","status":"publish","type":"post","link":"https:\/\/burkinaonline.net\/?p=8557","title":{"rendered":"Cameroun : Brenda Biya appelle \u00e0 ne pas voter pour son p\u00e8re Paul Biya"},"content":{"rendered":"<p class=\"p1\">Un s\u00e9isme politique secoue le Cameroun \u00e0 l\u2019approche de l\u2019\u00e9lection pr\u00e9sidentielle pr\u00e9vue le 12 octobre 2025. Dans une vid\u00e9o devenue virale sur les r\u00e9seaux sociaux, Brenda Biya, fille du pr\u00e9sident Paul Biya, a publiquement pris position contre la candidature de son propre p\u00e8re.<\/p>\n<p class=\"p1\"><span class=\"s1\">La jeune femme affirme qu\u2019elle ne votera pas pour Paul Biya et exhorte les Camerounais \u00e0 en faire autant. Dans son message, elle d\u00e9nonce les souffrances inflig\u00e9es au peuple camerounais depuis plusieurs d\u00e9cennies de r\u00e8gne :<\/span><\/p>\n<p class=\"p3\"><span class=\"s1\">\u00ab Mon p\u00e8re fait souffrir toute une Nation depuis des ann\u00e9es\u2026 Ne votez pas Paul Biya ; il a assez fait souffrir les gens. \u00bb<\/span><\/p>\n<p class=\"p3\"><span class=\"s1\">Brenda Biya va plus loin en \u00e9voquant les pressions qu\u2019elle dit subir au sein de sa famille. Elle affirme avoir \u00e9t\u00e9 \u201cr\u00e9duite au silence\u201d et \u201csacrifi\u00e9e\u201d par le syst\u00e8me mis en place autour du pouvoir, ajoutant qu\u2019elle refuse d\u00e9sormais de b\u00e9n\u00e9ficier de l\u2019argent utilis\u00e9 pour la contr\u00f4ler.<\/span><\/p>\n<p class=\"p3\"><span class=\"s1\">Ces d\u00e9clarations constituent une premi\u00e8re dans l\u2019histoire politique du Cameroun. Jamais auparavant un membre de la famille pr\u00e9sidentielle ne s\u2019\u00e9tait exprim\u00e9 de fa\u00e7on aussi frontale contre le chef de l\u2019\u00c9tat.<\/span><\/p>\n<p class=\"p3\"><span class=\"s1\">Cette sortie inattendue pourrait fragiliser davantage l\u2019image de Paul Biya, d\u00e9j\u00e0 critiqu\u00e9 pour son long maintien au pouvoir \u00a0(plus de 40 ans \u00e0 la t\u00eate du pays)<\/span><span class=\"s1\">\u00a0et pour la gestion de la crise socio-\u00e9conomique.<\/span><\/p>\n<p class=\"p3\"><span class=\"s1\">\u00c0 quelques semaines du scrutin, la prise de parole de Brenda Biya s\u2019impose comme un acte de rupture qui alimente les d\u00e9bats au Cameroun et au-del\u00e0, et qui pourrait avoir un impact sur la perception des \u00e9lections d\u2019octobre.<\/span><\/p>\n<p>Nak\u00e9 Alex<\/p>\n<p>www.burkinaonline.net<\/p>\n","protected":false},"excerpt":{"rendered":"<p>Un s\u00e9isme politique secoue le Cameroun \u00e0 l\u2019approche de l\u2019\u00e9lection pr\u00e9sidentielle pr\u00e9vue le 12 octobre&#8230;<\/p>\n","protected":false},"author":1,"featured_media":8558,"comment_status":"open","ping_status":"open","sticky":false,"template":"","format":"standard","meta":{"footnotes":""},"categories":[8,11,13],"tags":[],"class_list":["post-8557","post","type-post","status-publish","format-standard","has-post-thumbnail","hentry","category-post","category-politique","category-societe"],"_links":{"self":[{"href":"https:\/\/burkinaonline.net\/index.php?rest_route=\/wp\/v2\/posts\/8557","targetHints":{"allow":["GET"]}}],"collection":[{"href":"https:\/\/burkinaonline.net\/index.php?rest_route=\/wp\/v2\/posts"}],"about":[{"href":"https:\/\/burkinaonline.net\/index.php?rest_route=\/wp\/v2\/types\/post"}],"author":[{"embeddable":true,"href":"https:\/\/burkinaonline.net\/index.php?rest_route=\/wp\/v2\/users\/1"}],"replies":[{"embeddable":true,"href":"https:\/\/burkinaonline.net\/index.php?rest_route=%2Fwp%2Fv2%2Fcomments&post=8557"}],"version-history":[{"count":1,"href":"https:\/\/burkinaonline.net\/index.php?rest_route=\/wp\/v2\/posts\/8557\/revisions"}],"predecessor-version":[{"id":8559,"href":"https:\/\/burkinaonline.net\/index.php?rest_route=\/wp\/v2\/posts\/8557\/revisions\/8559"}],"wp:featuredmedia":[{"embeddable":true,"href":"https:\/\/burkinaonline.net\/index.php?rest_route=\/wp\/v2\/media\/8558"}],"wp:attachment":[{"href":"https:\/\/burkinaonline.net\/index.php?rest_route=%2Fwp%2Fv2%2Fmedia&parent=8557"}],"wp:term":[{"taxonomy":"category","embeddable":true,"href":"https:\/\/burkinaonline.net\/index.php?rest_route=%2Fwp%2Fv2%2Fcategories&post=8557"},{"taxonomy":"post_tag","embeddable":true,"href":"https:\/\/burkinaonline.net\/index.php?rest_route=%2Fwp%2Fv2%2Ftags&post=8557"}],"curies":[{"name":"wp","href":"https:\/\/api.w.org\/{rel}","templated":true}]}}