{"id":8560,"date":"2025-09-18T15:16:05","date_gmt":"2025-09-18T15:16:05","guid":{"rendered":"https:\/\/burkinaonline.net\/?p=8560"},"modified":"2025-09-18T15:21:30","modified_gmt":"2025-09-18T15:21:30","slug":"societe-dez-altino-se-converti-a-lislam","status":"publish","type":"post","link":"https:\/\/burkinaonline.net\/?p=8560","title":{"rendered":"Soci\u00e9t\u00e9 : L\u2019artiste burkinab\u00e8 Dez Altino se convertit \u00e0 l\u2019islam?"},"content":{"rendered":"<p class=\"p1\">Une vid\u00e9o fait actuellement le tour des r\u00e9seaux sociaux, notamment sur TikTok, et suscite de nombreuses r\u00e9actions. On y voit l\u2019artiste musicien burkinab\u00e8 Dez Altino face au pr\u00e9dicateur musulman Cheick Abdoul Aziz Aguib Sor\u00e9, figure spirituelle reconnue au Burkina Faso.<\/p>\n<p class=\"p1\"><span class=\"s1\">Dans cette s\u00e9quence, Dez Altino prononce la profession de foi de l\u2019islam(la shahada), marquant ainsi sa conversion. Le Cheick lui attribue alors le nom musulman Abdulaziz.<\/span><\/p>\n<p class=\"p1\"><span class=\"s1\">Pour l\u2019heure, il n\u2019a pas \u00e9t\u00e9 possible de d\u00e9terminer la date ni les conditions exactes dans lesquelles cette vid\u00e9o a \u00e9t\u00e9 r\u00e9alis\u00e9e. Mais sa diffusion massive en ligne a rapidement d\u00e9clench\u00e9 un flot de r\u00e9actions, allant des f\u00e9licitations aux interrogations, en passant par de nombreux d\u00e9bats.<\/span><\/p>\n<p>Gildas Kinda<\/p>\n<p>www.burkinaonline.net<\/p>\n","protected":false},"excerpt":{"rendered":"<p>Une vid\u00e9o fait actuellement le tour des r\u00e9seaux sociaux, notamment sur TikTok, et suscite de&#8230;<\/p>\n","protected":false},"author":1,"featured_media":8562,"comment_status":"open","ping_status":"open","sticky":false,"template":"","format":"standard","meta":{"footnotes":""},"categories":[8,10,1,13],"tags":[],"class_list":["post-8560","post","type-post","status-publish","format-standard","has-post-thumbnail","hentry","category-post","category-burkina-faso","category-non-classe","category-societe"],"_links":{"self":[{"href":"https:\/\/burkinaonline.net\/index.php?rest_route=\/wp\/v2\/posts\/8560","targetHints":{"allow":["GET"]}}],"collection":[{"href":"https:\/\/burkinaonline.net\/index.php?rest_route=\/wp\/v2\/posts"}],"about":[{"href":"https:\/\/burkinaonline.net\/index.php?rest_route=\/wp\/v2\/types\/post"}],"author":[{"embeddable":true,"href":"https:\/\/burkinaonline.net\/index.php?rest_route=\/wp\/v2\/users\/1"}],"replies":[{"embeddable":true,"href":"https:\/\/burkinaonline.net\/index.php?rest_route=%2Fwp%2Fv2%2Fcomments&post=8560"}],"version-history":[{"count":3,"href":"https:\/\/burkinaonline.net\/index.php?rest_route=\/wp\/v2\/posts\/8560\/revisions"}],"predecessor-version":[{"id":8565,"href":"https:\/\/burkinaonline.net\/index.php?rest_route=\/wp\/v2\/posts\/8560\/revisions\/8565"}],"wp:featuredmedia":[{"embeddable":true,"href":"https:\/\/burkinaonline.net\/index.php?rest_route=\/wp\/v2\/media\/8562"}],"wp:attachment":[{"href":"https:\/\/burkinaonline.net\/index.php?rest_route=%2Fwp%2Fv2%2Fmedia&parent=8560"}],"wp:term":[{"taxonomy":"category","embeddable":true,"href":"https:\/\/burkinaonline.net\/index.php?rest_route=%2Fwp%2Fv2%2Fcategories&post=8560"},{"taxonomy":"post_tag","embeddable":true,"href":"https:\/\/burkinaonline.net\/index.php?rest_route=%2Fwp%2Fv2%2Ftags&post=8560"}],"curies":[{"name":"wp","href":"https:\/\/api.w.org\/{rel}","templated":true}]}}