{"id":8577,"date":"2025-09-19T10:21:03","date_gmt":"2025-09-19T10:21:03","guid":{"rendered":"https:\/\/burkinaonline.net\/?p=8577"},"modified":"2025-09-19T10:53:56","modified_gmt":"2025-09-19T10:53:56","slug":"crise-diplomatique-la-france-expulse-deux-agents-maliens-apres-larrestation-dun-agent-de-la-dgse-a-bamako","status":"publish","type":"post","link":"https:\/\/burkinaonline.net\/?p=8577","title":{"rendered":"Crise diplomatique : La France expulse deux agents maliens apr\u00e8s l\u2019arrestation d\u2019un agent de la DGSE \u00e0 Bamako"},"content":{"rendered":"<p class=\"p1\"><span class=\"s1\">Une nouvelle crise secoue les relations entre Paris et Bamako. Selon plusieurs m\u00e9dias fran\u00e7ais, la France a d\u00e9cid\u00e9 d\u2019expulser deux agents maliens de la S\u00e9curit\u00e9 d\u2019\u00c9tat, accr\u00e9dit\u00e9s \u00e0 l\u2019ambassade du Mali \u00e0 Paris. Cette mesure est intervenue en r\u00e9action directe \u00e0 l\u2019arrestation, en ao\u00fbt dernier, d\u2019un agent fran\u00e7ais de renseignement de la DGSE \u00e0 Bamako.<\/span><\/p>\n<p class=\"p1\"><span class=\"s1\">L\u2019arrestation qui a d\u00e9clench\u00e9 la crise<\/span><\/p>\n<p class=\"p1\"><span class=\"s1\">Le 14 ao\u00fbt 2025, les autorit\u00e9s maliennes ont interpell\u00e9 un officier de renseignement fran\u00e7ais, officiellement accr\u00e9dit\u00e9 comme deuxi\u00e8me secr\u00e9taire \u00e0 l\u2019ambassade de France. Bamako l\u2019accuse d\u2019\u00eatre impliqu\u00e9 dans une affaire pr\u00e9sum\u00e9e de d\u00e9stabilisation du pays. Une accusation grave, qui illustre la m\u00e9fiance croissante entre les deux \u00c9tats.<\/span><\/p>\n<p class=\"p1\"><span class=\"s1\">La riposte fran\u00e7aise<\/span><\/p>\n<p class=\"p1\"><span class=\"s1\">En repr\u00e9sailles, Paris a annonc\u00e9 le 19 septembre 2025 l\u2019expulsion de deux agents maliens en poste \u00e0 l\u2019ambassade du Mali en France. Cette mesure diplomatique, rare, t\u00e9moigne de la gravit\u00e9 de la crise actuelle.<\/span><\/p>\n<p class=\"p1\"><span class=\"s1\">Par ailleurs, plusieurs sources indiquent que la France aurait suspendu ou gel\u00e9 une partie de sa coop\u00e9ration antiterroriste avec le Mali. Une d\u00e9cision qui ne devrait cependant pas fragiliser Bamako, car le pays reste aujourd\u2019hui bien \u00e9quip\u00e9 militairement et b\u00e9n\u00e9ficie du soutien renforc\u00e9 de son partenaire strat\u00e9gique russe.<\/span><\/p>\n<p class=\"p1\"><span class=\"s1\">Une relation en chute libre<\/span><\/p>\n<p class=\"p1\"><span class=\"s1\">Cet \u00e9pisode vient s\u2019ajouter \u00e0 une longue s\u00e9rie de tensions entre les deux capitales depuis la prise de pouvoir par les militaires au Mali et le repositionnement strat\u00e9gique de Bamako vers de nouveaux alli\u00e9s, notamment Moscou.<\/span><\/p>\n<p class=\"p1\"><span class=\"s1\">L\u2019expulsion d\u00e9cid\u00e9e par Paris illustre une d\u00e9t\u00e9rioration sans pr\u00e9c\u00e9dent des relations franco-maliennes. Si Bamako justifie l\u2019arrestation de l\u2019agent fran\u00e7ais par des \u00ab menaces \u00e0 la souverainet\u00e9 \u00bb, Paris d\u00e9nonce une d\u00e9cision arbitraire et une violation des usages diplomatiques.<\/span><\/p>\n<p class=\"p1\"><span class=\"s1\">Et apr\u00e8s ?<\/span><\/p>\n<p class=\"p1\"><span class=\"s1\">L\u2019avenir de la coop\u00e9ration s\u00e9curitaire entre la France et le Mali demeure incertain. Toutefois, Bamako semble d\u00e9sormais miser sur ses nouvelles alliances et sur ses propres capacit\u00e9s militaires pour poursuivre sa lutte contre l\u2019ins\u00e9curit\u00e9 au Sahel.<\/span><\/p>\n<p>Gildas Kinda<\/p>\n<p>www.burkinaonline.net<\/p>\n","protected":false},"excerpt":{"rendered":"<p>Une nouvelle crise secoue les relations entre Paris et Bamako. Selon plusieurs m\u00e9dias fran\u00e7ais, la&#8230;<\/p>\n","protected":false},"author":1,"featured_media":8580,"comment_status":"open","ping_status":"open","sticky":false,"template":"","format":"standard","meta":{"footnotes":""},"categories":[8,30,18,11],"tags":[],"class_list":["post-8577","post","type-post","status-publish","format-standard","has-post-thumbnail","hentry","category-post","category-aes","category-international","category-politique"],"_links":{"self":[{"href":"https:\/\/burkinaonline.net\/index.php?rest_route=\/wp\/v2\/posts\/8577","targetHints":{"allow":["GET"]}}],"collection":[{"href":"https:\/\/burkinaonline.net\/index.php?rest_route=\/wp\/v2\/posts"}],"about":[{"href":"https:\/\/burkinaonline.net\/index.php?rest_route=\/wp\/v2\/types\/post"}],"author":[{"embeddable":true,"href":"https:\/\/burkinaonline.net\/index.php?rest_route=\/wp\/v2\/users\/1"}],"replies":[{"embeddable":true,"href":"https:\/\/burkinaonline.net\/index.php?rest_route=%2Fwp%2Fv2%2Fcomments&post=8577"}],"version-history":[{"count":3,"href":"https:\/\/burkinaonline.net\/index.php?rest_route=\/wp\/v2\/posts\/8577\/revisions"}],"predecessor-version":[{"id":8584,"href":"https:\/\/burkinaonline.net\/index.php?rest_route=\/wp\/v2\/posts\/8577\/revisions\/8584"}],"wp:featuredmedia":[{"embeddable":true,"href":"https:\/\/burkinaonline.net\/index.php?rest_route=\/wp\/v2\/media\/8580"}],"wp:attachment":[{"href":"https:\/\/burkinaonline.net\/index.php?rest_route=%2Fwp%2Fv2%2Fmedia&parent=8577"}],"wp:term":[{"taxonomy":"category","embeddable":true,"href":"https:\/\/burkinaonline.net\/index.php?rest_route=%2Fwp%2Fv2%2Fcategories&post=8577"},{"taxonomy":"post_tag","embeddable":true,"href":"https:\/\/burkinaonline.net\/index.php?rest_route=%2Fwp%2Fv2%2Ftags&post=8577"}],"curies":[{"name":"wp","href":"https:\/\/api.w.org\/{rel}","templated":true}]}}