{"id":8585,"date":"2025-09-20T11:00:53","date_gmt":"2025-09-20T11:00:53","guid":{"rendered":"https:\/\/burkinaonline.net\/?p=8585"},"modified":"2025-09-20T11:00:53","modified_gmt":"2025-09-20T11:00:53","slug":"mali-les-fama-intensifient-les-operations-contre-les-groupes-armes-terroristes","status":"publish","type":"post","link":"https:\/\/burkinaonline.net\/?p=8585","title":{"rendered":"Mali : les FAMa intensifient les op\u00e9rations contre les groupes arm\u00e9s terroristes"},"content":{"rendered":"<p class=\"p1\">L\u2019\u00c9tat-Major g\u00e9n\u00e9ral des Arm\u00e9es du Mali a annonc\u00e9 que les Forces arm\u00e9es maliennes (FAMa) poursuivent sans rel\u00e2che leurs op\u00e9rations de s\u00e9curisation sur l\u2019ensemble du territoire, malgr\u00e9 les menaces persistantes.<\/p>\n<p class=\"p1\"><span class=\"s1\">Le 18 septembre 2025, un assaut h\u00e9liport\u00e9 a \u00e9t\u00e9 men\u00e9 avec succ\u00e8s pr\u00e8s de Koundioli Maoude, dans la r\u00e9gion de Mopti. Cette op\u00e9ration a permis de neutraliser une dizaine de terroristes lourdement arm\u00e9s, de saisir un important lot d\u2019armes, de munitions ainsi que du mat\u00e9riel logistique, et de d\u00e9truire un camp d\u2019entra\u00eenement ennemi.<\/span><\/p>\n<p class=\"p1\"><span class=\"s1\">Le lendemain, 19 septembre, une autre op\u00e9ration combin\u00e9e, comprenant frappes a\u00e9riennes et action a\u00e9roterrestre, a cibl\u00e9 un refuge terroriste pr\u00e8s de Mourdiah, dans la r\u00e9gion de Nara. Plusieurs combattants ont \u00e9t\u00e9 \u00e9limin\u00e9s et des infrastructures terroristes strat\u00e9giques d\u00e9truites, notamment des caches d\u2019armes, postes de guet, ateliers de fabrication d\u2019explosifs et ressources logistiques.<\/span><\/p>\n<p class=\"p1\"><span class=\"s1\">Selon l\u2019\u00c9tat-major, ces frappes cibl\u00e9es ont \u00e9galement d\u00e9mantel\u00e9 des camps de transit et des r\u00e9seaux logistiques impliqu\u00e9s dans des attaques r\u00e9centes, dont les incendies criminels sur la route nationale N1. Elles visent en outre \u00e0 emp\u00eacher la mobilit\u00e9 des groupes arm\u00e9s vers la r\u00e9gion de Kayes.<\/span><\/p>\n<p class=\"p1\"><span class=\"s1\">Dans son communiqu\u00e9, l\u2019arm\u00e9e malienne a salu\u00e9 le courage de ses hommes et r\u00e9affirm\u00e9 son engagement \u00e0 prot\u00e9ger les populations contre les menaces terroristes. \u00ab Leur engagement constant est le rempart de notre nation face \u00e0 ceux qui cherchent \u00e0 semer le chaos \u00bb, souligne le texte.<\/span><\/p>\n<p class=\"p1\"><span class=\"s1\">L\u2019\u00c9tat-major a enfin rassur\u00e9 que les op\u00e9rations de recherche et de destruction des refuges terroristes se poursuivent avec d\u00e9termination sur l\u2019ensemble du territoire national.<\/span><\/p>\n<p class=\"p1\"><span class=\"s1\">Nak\u00e9 Alex<\/span><\/p>\n<p class=\"p1\"><span class=\"s1\">www.burkinaonline.net<\/span><\/p>\n","protected":false},"excerpt":{"rendered":"<p>L\u2019\u00c9tat-Major g\u00e9n\u00e9ral des Arm\u00e9es du Mali a annonc\u00e9 que les Forces arm\u00e9es maliennes (FAMa) poursuivent&#8230;<\/p>\n","protected":false},"author":1,"featured_media":8586,"comment_status":"open","ping_status":"open","sticky":false,"template":"","format":"standard","meta":{"footnotes":""},"categories":[8,30,12],"tags":[],"class_list":["post-8585","post","type-post","status-publish","format-standard","has-post-thumbnail","hentry","category-post","category-aes","category-terrorisme"],"_links":{"self":[{"href":"https:\/\/burkinaonline.net\/index.php?rest_route=\/wp\/v2\/posts\/8585","targetHints":{"allow":["GET"]}}],"collection":[{"href":"https:\/\/burkinaonline.net\/index.php?rest_route=\/wp\/v2\/posts"}],"about":[{"href":"https:\/\/burkinaonline.net\/index.php?rest_route=\/wp\/v2\/types\/post"}],"author":[{"embeddable":true,"href":"https:\/\/burkinaonline.net\/index.php?rest_route=\/wp\/v2\/users\/1"}],"replies":[{"embeddable":true,"href":"https:\/\/burkinaonline.net\/index.php?rest_route=%2Fwp%2Fv2%2Fcomments&post=8585"}],"version-history":[{"count":1,"href":"https:\/\/burkinaonline.net\/index.php?rest_route=\/wp\/v2\/posts\/8585\/revisions"}],"predecessor-version":[{"id":8587,"href":"https:\/\/burkinaonline.net\/index.php?rest_route=\/wp\/v2\/posts\/8585\/revisions\/8587"}],"wp:featuredmedia":[{"embeddable":true,"href":"https:\/\/burkinaonline.net\/index.php?rest_route=\/wp\/v2\/media\/8586"}],"wp:attachment":[{"href":"https:\/\/burkinaonline.net\/index.php?rest_route=%2Fwp%2Fv2%2Fmedia&parent=8585"}],"wp:term":[{"taxonomy":"category","embeddable":true,"href":"https:\/\/burkinaonline.net\/index.php?rest_route=%2Fwp%2Fv2%2Fcategories&post=8585"},{"taxonomy":"post_tag","embeddable":true,"href":"https:\/\/burkinaonline.net\/index.php?rest_route=%2Fwp%2Fv2%2Ftags&post=8585"}],"curies":[{"name":"wp","href":"https:\/\/api.w.org\/{rel}","templated":true}]}}