{"id":8588,"date":"2025-09-20T14:33:25","date_gmt":"2025-09-20T14:33:25","guid":{"rendered":"https:\/\/burkinaonline.net\/?p=8588"},"modified":"2025-09-20T14:58:06","modified_gmt":"2025-09-20T14:58:06","slug":"la-fin-du-fcfa-en-afrique-centrale-la-cemac-passe-a-laction","status":"publish","type":"post","link":"https:\/\/burkinaonline.net\/?p=8588","title":{"rendered":"Monnaie: La fin du FCFA en Afrique centrale ? La CEMAC passe \u00e0 l\u2019action"},"content":{"rendered":"<div data-breakout=\"normal\">\n<p id=\"viewer-l79g7487\" class=\"l1t8- VSn1J ewTCf rgwei\" dir=\"auto\"><span class=\"_1gKbZ\">Le 10 septembre dernier, lors d\u2019un sommet ordinaire tenu \u00e0 Bangui, capitale de la R\u00e9publique centrafricaine, les chefs d\u2019\u00c9tat des six pays membres de la Communaut\u00e9 \u00e9conomique et mon\u00e9taire de l\u2019Afrique centrale (CEMAC) ont franchi une \u00e9tape d\u00e9cisive : celle de mettre officiellement \u00e0 l\u2019agenda la question de la r\u00e9forme du Franc CFA.Selon le journal camerounais <em>Diapason<\/em>, cette d\u00e9cision marque l\u2019ouverture d\u2019un chantier historique, attendu depuis plusieurs d\u00e9cennies par les opinions publiques et les milieux \u00e9conomiques de la sous-r\u00e9gion.<\/span><\/p>\n<\/div>\n<div data-breakout=\"normal\">\n<h3 id=\"viewer-tydqh459\" class=\"SLBiB _9j-5z ewTCf rgwei\" dir=\"auto\"><span class=\"d2Cmp\">Une confirmation venue de Malabo<\/span><\/h3>\n<\/div>\n<div data-hook=\"rcv-block4\">De retour de Bangui, le pr\u00e9sident de la Guin\u00e9e \u00e9quatoriale, Teodoro Obiang Nguema Mbasogo, a confirm\u00e9 devant la presse nationale que les discussions ont bien port\u00e9 sur une \u00ab r\u00e9forme historique \u00bb de la monnaie commune.Des sources diplomatiques \u00e9voquent des \u00e9changes \u00ab vifs mais constructifs \u00bb, portant sur les fondements m\u00eames de l\u2019architecture mon\u00e9taire actuelle, h\u00e9rit\u00e9e de la p\u00e9riode coloniale. L\u2019heure semble donc venue pour les dirigeants de la CEMAC de s\u2019attaquer aux critiques r\u00e9currentes qui entourent le Franc CFA et de r\u00e9pondre aux attentes de leurs peuples.<\/div>\n<div data-breakout=\"normal\">\n<h3 id=\"viewer-1m6co463\" class=\"SLBiB _9j-5z ewTCf rgwei\" dir=\"auto\"><span class=\"d2Cmp\">Trois axes pour une refonte en profondeur<\/span><\/h3>\n<\/div>\n<div data-breakout=\"normal\">\n<p id=\"viewer-3dbg9465\" class=\"l1t8- VSn1J ewTCf rgwei\" dir=\"auto\"><span class=\"_1gKbZ\">D\u2019apr\u00e8s les informations recueillies par <em>Actu Cameroun<\/em>, le projet de r\u00e9forme s\u2019articulerait autour de trois piliers majeurs :<\/span><\/p>\n<\/div>\n<div data-breakout=\"normal\">\n<ol class=\"_5acj- ewTCf\">\n<li class=\"KQ7dT\" dir=\"auto\" aria-level=\"1\">\n<p id=\"viewer-2iqka471\" class=\"l1t8- VSn1J ewTCf rgwei\" dir=\"\"><span class=\"_1gKbZ\"><strong>Un nouveau nom pour une nouvelle \u00e8re <\/strong><\/span><span class=\"_1gKbZ\">\u00a0\u00c0 l\u2019image de leurs homologues d\u2019Afrique de l\u2019Ouest qui ont lanc\u00e9 l\u2019\u00ab Eco \u00bb, les pays de la CEMAC envisagent d\u2019abandonner l\u2019appellation \u00ab Franc CFA \u00bb. Cette d\u00e9signation, souvent per\u00e7ue comme le symbole d\u2019un h\u00e9ritage colonial, pourrait c\u00e9der la place \u00e0 une d\u00e9nomination incarnant souverainet\u00e9, unit\u00e9 et ambition collective.<\/span><\/p>\n<\/li>\n<li class=\"KQ7dT\" dir=\"auto\" aria-level=\"1\">\n<p id=\"viewer-9ix1c475\" class=\"l1t8- VSn1J ewTCf rgwei\" dir=\"\"><span class=\"_1gKbZ\"><strong>La remise en cause de la parit\u00e9 fixe avec l\u2019euro<\/strong><\/span><\/p>\n<p id=\"viewer-a2h3s780\" class=\"l1t8- VSn1J ewTCf rgwei\" dir=\"\"><span class=\"_1gKbZ\">Jusqu\u2019ici, la parit\u00e9 entre l\u2019euro et le Franc CFA (1 \u20ac = 655,957 FCFA) \u00e9tait consid\u00e9r\u00e9e comme intouchable. D\u00e9sormais, l\u2019id\u00e9e de lier la monnaie \u00e0 un panier de devises est sur la table. Une telle \u00e9volution permettrait aux \u00e9conomies de la sous-r\u00e9gion de mieux absorber les chocs ext\u00e9rieurs et d\u2019adapter leur politique mon\u00e9taire \u00e0 leurs r\u00e9alit\u00e9s.<\/span><\/p>\n<\/li>\n<li class=\"KQ7dT\" dir=\"auto\" aria-level=\"1\">\n<p id=\"viewer-a6rcr479\" class=\"l1t8- VSn1J ewTCf rgwei\" dir=\"\"><span class=\"_1gKbZ\"><strong>La fin du compte d\u2019op\u00e9rations au Tr\u00e9sor fran\u00e7ais <\/strong><\/span><\/p>\n<p id=\"viewer-rh796744\" class=\"l1t8- VSn1J ewTCf rgwei\" dir=\"\"><span class=\"_1gKbZ\">C\u2019est sans doute la mesure la plus symbolique et la plus attendue : mettre un terme au m\u00e9canisme qui oblige la Banque des \u00c9tats de l\u2019Afrique centrale (BEAC) \u00e0 d\u00e9poser la moiti\u00e9 de ses r\u00e9serves de change au Tr\u00e9sor fran\u00e7ais. Le rapatriement total de ces avoirs constituerait un tournant d\u00e9cisif vers une v\u00e9ritable souverainet\u00e9 mon\u00e9taire, tout en transf\u00e9rant l\u2019enti\u00e8re responsabilit\u00e9 de la stabilit\u00e9 financi\u00e8re aux institutions r\u00e9gionales.<\/span><\/p>\n<\/li>\n<\/ol>\n<\/div>\n<div data-breakout=\"normal\">\n<h3 id=\"viewer-l5d6i482\" class=\"SLBiB _9j-5z ewTCf rgwei\" dir=\"auto\"><span class=\"d2Cmp\">Un chantier \u00e0 forts enjeux politiques et \u00e9conomiques<\/span><\/h3>\n<\/div>\n<div data-breakout=\"normal\">\n<p id=\"viewer-9jg5i484\" class=\"l1t8- VSn1J ewTCf rgwei\" dir=\"auto\"><span class=\"_1gKbZ\">La r\u00e9forme du Franc CFA au sein de la CEMAC, si elle se concr\u00e9tise, marquerait une rupture historique avec plus de 70 ans de d\u00e9pendance vis-\u00e0-vis de la France. Toutefois, elle s\u2019accompagne de d\u00e9fis majeurs : renforcer la cr\u00e9dibilit\u00e9 des institutions r\u00e9gionales, garantir la confiance des investisseurs et pr\u00e9server la stabilit\u00e9 \u00e9conomique dans une sous-r\u00e9gion r\u00e9guli\u00e8rement confront\u00e9e \u00e0 des crises politiques et s\u00e9curitaires. Les prochains mois seront donc d\u00e9cisifs pour mesurer la volont\u00e9 politique des dirigeants et la capacit\u00e9 de la CEMAC \u00e0 assumer une souverainet\u00e9 mon\u00e9taire compl\u00e8te.<\/span><\/p>\n<\/div>\n<p class=\"p1\"><span class=\"s1\">Gildas Kinda<\/span><\/p>\n<p class=\"p1\"><span class=\"s1\">www.burkinaonline.net avec Afrique en Eveil<\/span><\/p>\n","protected":false},"excerpt":{"rendered":"<p>Le 10 septembre dernier, lors d\u2019un sommet ordinaire tenu \u00e0 Bangui, capitale de la R\u00e9publique&#8230;<\/p>\n","protected":false},"author":1,"featured_media":8589,"comment_status":"open","ping_status":"open","sticky":false,"template":"","format":"standard","meta":{"footnotes":""},"categories":[8,15,11],"tags":[],"class_list":["post-8588","post","type-post","status-publish","format-standard","has-post-thumbnail","hentry","category-post","category-economie","category-politique"],"_links":{"self":[{"href":"https:\/\/burkinaonline.net\/index.php?rest_route=\/wp\/v2\/posts\/8588","targetHints":{"allow":["GET"]}}],"collection":[{"href":"https:\/\/burkinaonline.net\/index.php?rest_route=\/wp\/v2\/posts"}],"about":[{"href":"https:\/\/burkinaonline.net\/index.php?rest_route=\/wp\/v2\/types\/post"}],"author":[{"embeddable":true,"href":"https:\/\/burkinaonline.net\/index.php?rest_route=\/wp\/v2\/users\/1"}],"replies":[{"embeddable":true,"href":"https:\/\/burkinaonline.net\/index.php?rest_route=%2Fwp%2Fv2%2Fcomments&post=8588"}],"version-history":[{"count":8,"href":"https:\/\/burkinaonline.net\/index.php?rest_route=\/wp\/v2\/posts\/8588\/revisions"}],"predecessor-version":[{"id":8599,"href":"https:\/\/burkinaonline.net\/index.php?rest_route=\/wp\/v2\/posts\/8588\/revisions\/8599"}],"wp:featuredmedia":[{"embeddable":true,"href":"https:\/\/burkinaonline.net\/index.php?rest_route=\/wp\/v2\/media\/8589"}],"wp:attachment":[{"href":"https:\/\/burkinaonline.net\/index.php?rest_route=%2Fwp%2Fv2%2Fmedia&parent=8588"}],"wp:term":[{"taxonomy":"category","embeddable":true,"href":"https:\/\/burkinaonline.net\/index.php?rest_route=%2Fwp%2Fv2%2Fcategories&post=8588"},{"taxonomy":"post_tag","embeddable":true,"href":"https:\/\/burkinaonline.net\/index.php?rest_route=%2Fwp%2Fv2%2Ftags&post=8588"}],"curies":[{"name":"wp","href":"https:\/\/api.w.org\/{rel}","templated":true}]}}