{"id":8606,"date":"2025-09-22T20:09:03","date_gmt":"2025-09-22T20:09:03","guid":{"rendered":"https:\/\/burkinaonline.net\/?p=8606"},"modified":"2025-09-22T20:09:03","modified_gmt":"2025-09-22T20:09:03","slug":"burkina-faso-mali-et-niger-quittent-la-cpi-une-decision-souveraine-de-laes","status":"publish","type":"post","link":"https:\/\/burkinaonline.net\/?p=8606","title":{"rendered":"Burkina Faso, Mali et Niger quittent la CPI : une d\u00e9cision souveraine de l\u2019AES"},"content":{"rendered":"<p>Les trois pays de la Conf\u00e9d\u00e9ration des \u00c9tats du Sahel (AES) \u2013 Burkina Faso, Mali et Niger \u2013 ont annonc\u00e9, le 22 septembre 2025 \u00e0 Bamako, leur retrait imm\u00e9diat du Statut de Rome instituant la Cour p\u00e9nale internationale (CPI).<\/p>\n<p>Cette d\u00e9cision, pr\u00e9sent\u00e9e comme un acte de souverainet\u00e9, marque une rupture nette avec la juridiction internationale \u00e0 laquelle les trois \u00c9tats avaient pourtant adh\u00e9r\u00e9 respectivement entre 2000 et 2004. Depuis leur adh\u00e9sion, ils avaient coop\u00e9r\u00e9 avec la CPI, aussi bien sur la base du Statut que par divers protocoles concernant les conditions d\u2019installation et de fonctionnement de la Cour sur leurs territoires.<\/p>\n<p>Cependant, les gouvernements de l\u2019AES estiment que la CPI s\u2019est progressivement transform\u00e9e en un instrument de \u00ab r\u00e9pression n\u00e9ocoloniale \u00bb servant \u00ab l\u2019imp\u00e9rialisme \u00bb, et qu\u2019elle illustre d\u00e9sormais \u00ab une justice s\u00e9lective \u00bb. Dans leur communiqu\u00e9, ils d\u00e9noncent l\u2019incapacit\u00e9 de la Cour \u00e0 juger des crimes de guerre, crimes contre l\u2019humanit\u00e9, g\u00e9nocides ou crimes d\u2019agression av\u00e9r\u00e9s, tout en s\u2019acharnant contre certains acteurs politiques en violation m\u00eame de son propre statut.<\/p>\n<p>Face \u00e0 ce constat, les autorit\u00e9s de Bamako, Ouagadougou et Niamey affirment leur volont\u00e9 de b\u00e2tir des m\u00e9canismes endog\u00e8nes de consolidation de la paix et de la justice. Elles r\u00e9affirment \u00e9galement leur engagement pour la promotion et la protection des droits humains, mais \u00ab en ad\u00e9quation avec leurs valeurs soci\u00e9tales \u00bb et dans le respect de leur souverainet\u00e9.<\/p>\n<p>Enfin, tout en exprimant leur gratitude \u00e0 l\u2019ONU et aux \u00c9tats membres, les pays de l\u2019AES assurent vouloir maintenir leur coop\u00e9ration internationale dans d\u2019autres cadres jug\u00e9s plus appropri\u00e9s.<\/p>\n<p>Cette annonce, sign\u00e9e par le pr\u00e9sident de la Transition malienne, le g\u00e9n\u00e9ral Assimi Go\u00efta, marque une \u00e9tape majeure dans la strat\u00e9gie des \u00c9tats de l\u2019AES d\u2019affirmation de leur ind\u00e9pendance politique et judiciaire vis-\u00e0-vis des institutions internationales.<\/p>\n<p>Gildas Kinda<br \/>\nwww.burkinaonline.net<\/p>\n","protected":false},"excerpt":{"rendered":"<p>Les trois pays de la Conf\u00e9d\u00e9ration des \u00c9tats du Sahel (AES) \u2013 Burkina Faso, Mali&#8230;<\/p>\n","protected":false},"author":1,"featured_media":8607,"comment_status":"open","ping_status":"open","sticky":false,"template":"","format":"standard","meta":{"footnotes":""},"categories":[8,30,10,18,11],"tags":[],"class_list":["post-8606","post","type-post","status-publish","format-standard","has-post-thumbnail","hentry","category-post","category-aes","category-burkina-faso","category-international","category-politique"],"_links":{"self":[{"href":"https:\/\/burkinaonline.net\/index.php?rest_route=\/wp\/v2\/posts\/8606","targetHints":{"allow":["GET"]}}],"collection":[{"href":"https:\/\/burkinaonline.net\/index.php?rest_route=\/wp\/v2\/posts"}],"about":[{"href":"https:\/\/burkinaonline.net\/index.php?rest_route=\/wp\/v2\/types\/post"}],"author":[{"embeddable":true,"href":"https:\/\/burkinaonline.net\/index.php?rest_route=\/wp\/v2\/users\/1"}],"replies":[{"embeddable":true,"href":"https:\/\/burkinaonline.net\/index.php?rest_route=%2Fwp%2Fv2%2Fcomments&post=8606"}],"version-history":[{"count":1,"href":"https:\/\/burkinaonline.net\/index.php?rest_route=\/wp\/v2\/posts\/8606\/revisions"}],"predecessor-version":[{"id":8608,"href":"https:\/\/burkinaonline.net\/index.php?rest_route=\/wp\/v2\/posts\/8606\/revisions\/8608"}],"wp:featuredmedia":[{"embeddable":true,"href":"https:\/\/burkinaonline.net\/index.php?rest_route=\/wp\/v2\/media\/8607"}],"wp:attachment":[{"href":"https:\/\/burkinaonline.net\/index.php?rest_route=%2Fwp%2Fv2%2Fmedia&parent=8606"}],"wp:term":[{"taxonomy":"category","embeddable":true,"href":"https:\/\/burkinaonline.net\/index.php?rest_route=%2Fwp%2Fv2%2Fcategories&post=8606"},{"taxonomy":"post_tag","embeddable":true,"href":"https:\/\/burkinaonline.net\/index.php?rest_route=%2Fwp%2Fv2%2Ftags&post=8606"}],"curies":[{"name":"wp","href":"https:\/\/api.w.org\/{rel}","templated":true}]}}