{"id":8615,"date":"2025-09-25T10:43:09","date_gmt":"2025-09-25T10:43:09","guid":{"rendered":"https:\/\/burkinaonline.net\/?p=8615"},"modified":"2025-09-25T10:43:09","modified_gmt":"2025-09-25T10:43:09","slug":"alerte-guerre-froide-la-russie-previent-que-ca-serait-la-guerre-si-un-avion-russe-est-abattu-par-lotan","status":"publish","type":"post","link":"https:\/\/burkinaonline.net\/?p=8615","title":{"rendered":"Alerte Guerre Froide : La Russie pr\u00e9vient que  \u00ab\u00a0\u00e7a serait la guerre\u00a0\u00bb, si un avion russe est abattu par l&rsquo;Otan"},"content":{"rendered":"<p class=\"p1\">Les tensions entre la Russie et l\u2019Alliance atlantique ont franchi un nouveau seuil apr\u00e8s un avertissement ferme \u00e9mis par Moscou. Selon Alexey Meshkov, ambassadeur de Russie en France, l\u2019abattage d\u2019un appareil militaire russe par l\u2019OTAN serait consid\u00e9r\u00e9 comme un acte de guerre, ouvrant la voie \u00e0 une escalade militaire aux cons\u00e9quences potentiellement incontr\u00f4lables.<\/p>\n<p class=\"p1\"><span class=\"s1\">Une ligne rouge clairement trac\u00e9e<\/span><\/p>\n<p class=\"p1\"><span class=\"s1\">Le Kremlin estime que toute action l\u00e9tale contre ses avions, y compris en cas de violation de l\u2019espace a\u00e9rien d\u2019un pays membre de l\u2019OTAN, constituerait un franchissement inacceptable. Pour Moscou, il s\u2019agit d\u2019une ligne rouge, assimil\u00e9e \u00e0 une attaque directe, et donc \u00e0 une participation ouverte de l\u2019Alliance au conflit.<\/span><\/p>\n<p class=\"p1\"><span class=\"s1\">Un climat d\u2019incidents r\u00e9p\u00e9t\u00e9s<\/span><\/p>\n<p class=\"p1\"><span class=\"s1\">Cet avertissement intervient alors que les accrochages a\u00e9riens se multiplient en Europe de l\u2019Est et au-dessus des mers Baltique et Noire.<\/span><\/p>\n<p class=\"p3\"><span class=\"s1\"> \u2022 Plusieurs pays baltes et la Pologne d\u00e9noncent r\u00e9guli\u00e8rement des incursions d\u2019appareils russes.<\/span><\/p>\n<p class=\"p3\"><span class=\"s1\"> \u2022 Ces intrusions entra\u00eenent des interceptions d\u2019urgence par des avions de chasse de l\u2019OTAN, augmentant le risque d\u2019un incident grave.<\/span><\/p>\n<p class=\"p3\"><span class=\"s1\"> \u2022 Face \u00e0 ces provocations, certains alli\u00e9s envisagent de durcir leurs r\u00e8gles d\u2019engagement, avec la possibilit\u00e9 d\u2019abattre un appareil jug\u00e9 mena\u00e7ant.<\/span><\/p>\n<p class=\"p1\"><span class=\"s1\">L\u2019ombre de l\u2019Article 5<\/span><\/p>\n<p class=\"p1\"><span class=\"s1\">Le c\u0153ur du probl\u00e8me se situe autour de l\u2019Article 5 du Trait\u00e9 de l\u2019Atlantique Nord. Une attaque arm\u00e9e contre un pays membre est consid\u00e9r\u00e9e comme une attaque contre tous. Dans ce cadre, une frappe contre un avion russe pourrait plonger l\u2019Alliance dans un affrontement direct avec Moscou, sc\u00e9nario que Washington et ses partenaires cherchent \u00e0 \u00e9viter depuis le d\u00e9but de la guerre en Ukraine.<\/span><\/p>\n<p class=\"p1\"><span class=\"s1\">Une inqui\u00e9tante r\u00e9sonance historique<\/span><\/p>\n<p class=\"p1\"><span class=\"s1\">Ces d\u00e9clarations, aux accents de Guerre froide, rappellent les moments les plus tendus de l\u2019affrontement Est-Ouest. La communaut\u00e9 internationale observe avec une inqui\u00e9tude croissante cette spirale verbale et militaire, o\u00f9 une erreur de calcul pourrait avoir des r\u00e9percussions mondiales.<\/span><\/p>\n<p class=\"p1\"><span class=\"s1\">Gildas Kinda <\/span><\/p>\n<p class=\"p1\"><span class=\"s1\">www.burkinaonline.net<\/span><\/p>\n<p class=\"p1\"><span class=\"s1\">#BurkinaOnline <\/span><\/p>\n","protected":false},"excerpt":{"rendered":"<p>Les tensions entre la Russie et l\u2019Alliance atlantique ont franchi un nouveau seuil apr\u00e8s un&#8230;<\/p>\n","protected":false},"author":1,"featured_media":8616,"comment_status":"open","ping_status":"open","sticky":false,"template":"","format":"standard","meta":{"footnotes":""},"categories":[8,18,11],"tags":[],"class_list":["post-8615","post","type-post","status-publish","format-standard","has-post-thumbnail","hentry","category-post","category-international","category-politique"],"_links":{"self":[{"href":"https:\/\/burkinaonline.net\/index.php?rest_route=\/wp\/v2\/posts\/8615","targetHints":{"allow":["GET"]}}],"collection":[{"href":"https:\/\/burkinaonline.net\/index.php?rest_route=\/wp\/v2\/posts"}],"about":[{"href":"https:\/\/burkinaonline.net\/index.php?rest_route=\/wp\/v2\/types\/post"}],"author":[{"embeddable":true,"href":"https:\/\/burkinaonline.net\/index.php?rest_route=\/wp\/v2\/users\/1"}],"replies":[{"embeddable":true,"href":"https:\/\/burkinaonline.net\/index.php?rest_route=%2Fwp%2Fv2%2Fcomments&post=8615"}],"version-history":[{"count":1,"href":"https:\/\/burkinaonline.net\/index.php?rest_route=\/wp\/v2\/posts\/8615\/revisions"}],"predecessor-version":[{"id":8617,"href":"https:\/\/burkinaonline.net\/index.php?rest_route=\/wp\/v2\/posts\/8615\/revisions\/8617"}],"wp:featuredmedia":[{"embeddable":true,"href":"https:\/\/burkinaonline.net\/index.php?rest_route=\/wp\/v2\/media\/8616"}],"wp:attachment":[{"href":"https:\/\/burkinaonline.net\/index.php?rest_route=%2Fwp%2Fv2%2Fmedia&parent=8615"}],"wp:term":[{"taxonomy":"category","embeddable":true,"href":"https:\/\/burkinaonline.net\/index.php?rest_route=%2Fwp%2Fv2%2Fcategories&post=8615"},{"taxonomy":"post_tag","embeddable":true,"href":"https:\/\/burkinaonline.net\/index.php?rest_route=%2Fwp%2Fv2%2Ftags&post=8615"}],"curies":[{"name":"wp","href":"https:\/\/api.w.org\/{rel}","templated":true}]}}