{"id":8618,"date":"2025-09-26T17:49:41","date_gmt":"2025-09-26T17:49:41","guid":{"rendered":"https:\/\/burkinaonline.net\/?p=8618"},"modified":"2025-09-26T17:49:41","modified_gmt":"2025-09-26T17:49:41","slug":"bras-de-fer-entre-le-francais-orano-et-letat-du-niger-un-tribunal-arbitral-interdit-a-niamey-de-disposer-de-luranium-de-la-somair","status":"publish","type":"post","link":"https:\/\/burkinaonline.net\/?p=8618","title":{"rendered":"Bras de fer entre le Fran\u00e7ais Orano et l\u2019\u00c9tat du Niger : un tribunal arbitral interdit \u00e0 Niamey de disposer de l\u2019uranium de la Soma\u00efr"},"content":{"rendered":"<p class=\"p1\"><span class=\"s1\">Le conflit entre l\u2019\u00c9tat du Niger et le groupe fran\u00e7ais Orano conna\u00eet une nouvelle escalade. Le 23 septembre 2025, le tribunal arbitral du Centre International pour le R\u00e8glement des Diff\u00e9rends relatifs aux Investissements (CIRDI), institution li\u00e9e \u00e0 la Banque mondiale, a interdit \u00e0 Niamey de vendre ou transf\u00e9rer l\u2019uranium extrait par la Soma\u00efr, dont Orano est actionnaire majoritaire.<\/span><\/p>\n<p class=\"p1\"><span class=\"s1\">L\u2019entreprise fran\u00e7aise avait saisi la justice internationale apr\u00e8s la d\u00e9cision unilat\u00e9rale de l\u2019\u00c9tat de s\u2019approprier une partie de la production. Niamey d\u00e9fend son droit souverain \u00e0 mieux contr\u00f4ler ses ressources, tandis qu\u2019Orano invoque le respect des contrats.<\/span><\/p>\n<p class=\"p1\"><span class=\"s1\">Le groupe a aussi rappel\u00e9 la situation de son repr\u00e9sentant, Ibrahim Courmo, arr\u00eat\u00e9 depuis mai 2025 et toujours d\u00e9tenu malgr\u00e9 une d\u00e9cision nationale ordonnant sa lib\u00e9ration. Le CIRDI a exhort\u00e9 le Niger \u00e0 respecter cet arr\u00eat.<\/span><\/p>\n<p class=\"p1\"><span class=\"s1\">Entre volont\u00e9 de souverainet\u00e9 et protection d\u2019investissements, le bras de fer juridique et politique s\u2019annonce long et d\u00e9terminant pour l\u2019avenir de l\u2019uranium nig\u00e9rien.<\/span><\/p>\n<p class=\"p1\"><span class=\"s1\">Gildas Kinda <\/span><\/p>\n<p class=\"p1\"><span class=\"s1\">www.burkinaonline.net<\/span><\/p>\n","protected":false},"excerpt":{"rendered":"<p>Le conflit entre l\u2019\u00c9tat du Niger et le groupe fran\u00e7ais Orano conna\u00eet une nouvelle escalade&#8230;.<\/p>\n","protected":false},"author":1,"featured_media":8619,"comment_status":"open","ping_status":"open","sticky":false,"template":"","format":"standard","meta":{"footnotes":""},"categories":[8,30,15,18],"tags":[],"class_list":["post-8618","post","type-post","status-publish","format-standard","has-post-thumbnail","hentry","category-post","category-aes","category-economie","category-international"],"_links":{"self":[{"href":"https:\/\/burkinaonline.net\/index.php?rest_route=\/wp\/v2\/posts\/8618","targetHints":{"allow":["GET"]}}],"collection":[{"href":"https:\/\/burkinaonline.net\/index.php?rest_route=\/wp\/v2\/posts"}],"about":[{"href":"https:\/\/burkinaonline.net\/index.php?rest_route=\/wp\/v2\/types\/post"}],"author":[{"embeddable":true,"href":"https:\/\/burkinaonline.net\/index.php?rest_route=\/wp\/v2\/users\/1"}],"replies":[{"embeddable":true,"href":"https:\/\/burkinaonline.net\/index.php?rest_route=%2Fwp%2Fv2%2Fcomments&post=8618"}],"version-history":[{"count":1,"href":"https:\/\/burkinaonline.net\/index.php?rest_route=\/wp\/v2\/posts\/8618\/revisions"}],"predecessor-version":[{"id":8620,"href":"https:\/\/burkinaonline.net\/index.php?rest_route=\/wp\/v2\/posts\/8618\/revisions\/8620"}],"wp:featuredmedia":[{"embeddable":true,"href":"https:\/\/burkinaonline.net\/index.php?rest_route=\/wp\/v2\/media\/8619"}],"wp:attachment":[{"href":"https:\/\/burkinaonline.net\/index.php?rest_route=%2Fwp%2Fv2%2Fmedia&parent=8618"}],"wp:term":[{"taxonomy":"category","embeddable":true,"href":"https:\/\/burkinaonline.net\/index.php?rest_route=%2Fwp%2Fv2%2Fcategories&post=8618"},{"taxonomy":"post_tag","embeddable":true,"href":"https:\/\/burkinaonline.net\/index.php?rest_route=%2Fwp%2Fv2%2Ftags&post=8618"}],"curies":[{"name":"wp","href":"https:\/\/api.w.org\/{rel}","templated":true}]}}