{"id":8665,"date":"2025-09-30T15:40:42","date_gmt":"2025-09-30T15:40:42","guid":{"rendered":"https:\/\/burkinaonline.net\/?p=8665"},"modified":"2025-09-30T15:40:42","modified_gmt":"2025-09-30T15:40:42","slug":"aes-visite-damitie-et-de-travail-du-president-tiani-au-mali","status":"publish","type":"post","link":"https:\/\/burkinaonline.net\/?p=8665","title":{"rendered":"#AES: Visite d\u2019amiti\u00e9 et de travail du Pr\u00e9sident TIANI au Mali"},"content":{"rendered":"<p class=\"p1\">Bamako, 30 septembre 2025 \u2014 Le Mali et le Niger renforcent une fois de plus leur coop\u00e9ration bilat\u00e9rale et leur engagement au sein de la Conf\u00e9d\u00e9ration des \u00c9tats du Sahel (AES). Ce mardi 30 septembre, le Pr\u00e9sident de la Transition du Mali, Son Excellence le G\u00e9n\u00e9ral d\u2019arm\u00e9e Assimi GO\u00cfTA, a accueilli \u00e0 l\u2019a\u00e9roport international Modibo KE\u00cfTA de Bamako son homologue nig\u00e9rien, le G\u00e9n\u00e9ral Abdourahamane TIANI, arriv\u00e9 pour une visite d\u2019amiti\u00e9 et de travail de 24 heures.<\/p>\n<p class=\"p1\"><span class=\"s1\">La c\u00e9r\u00e9monie d\u2019accueil a \u00e9t\u00e9 marqu\u00e9e par l\u2019ex\u00e9cution des hymnes nationaux des deux pays ainsi que celui de l\u2019AES, suivie de la revue des troupes. Y ont pris part la communaut\u00e9 nig\u00e9rienne vivant au Mali, des diplomates accr\u00e9dit\u00e9s, des membres du Gouvernement, du Conseil national de Transition (CNT) ainsi que le Gouverneur du District de Bamako.<\/span><\/p>\n<p class=\"p1\"><span class=\"s1\">Les deux Chefs d\u2019\u00c9tat ont ensuite eu un premier \u00e9change dans la loge pr\u00e9sidentielle, avant de se rendre au Palais de Koulouba pour un entretien en t\u00eate-\u00e0-t\u00eate, \u00e9largi par la suite \u00e0 leurs d\u00e9l\u00e9gations respectives. Ce programme t\u00e9moigne de la volont\u00e9 commune des deux pays de consolider leur partenariat strat\u00e9gique.<\/span><\/p>\n<p class=\"p1\"><span class=\"s1\">\u00c0 l\u2019issue de son s\u00e9jour, le Pr\u00e9sident TIANI devrait s\u2019adresser \u00e0 la presse, afin de partager les conclusions de cette visite, qui s\u2019inscrit dans le cadre du renforcement de la solidarit\u00e9 et de la coop\u00e9ration entre le Mali et le Niger au sein de l\u2019AES.<\/span><\/p>\n<p class=\"p1\"><span class=\"s1\">Gildas Kinda<\/span><\/p>\n<p class=\"p1\"><span class=\"s1\">www.burkinaonline.net<\/span><\/p>\n<p class=\"p1\"><span class=\"s2\">#BurkinaOnline <\/span><\/p>\n","protected":false},"excerpt":{"rendered":"<p>Bamako, 30 septembre 2025 \u2014 Le Mali et le Niger renforcent une fois de plus&#8230;<\/p>\n","protected":false},"author":1,"featured_media":8666,"comment_status":"open","ping_status":"open","sticky":false,"template":"","format":"standard","meta":{"footnotes":""},"categories":[8,30,11],"tags":[],"class_list":["post-8665","post","type-post","status-publish","format-standard","has-post-thumbnail","hentry","category-post","category-aes","category-politique"],"_links":{"self":[{"href":"https:\/\/burkinaonline.net\/index.php?rest_route=\/wp\/v2\/posts\/8665","targetHints":{"allow":["GET"]}}],"collection":[{"href":"https:\/\/burkinaonline.net\/index.php?rest_route=\/wp\/v2\/posts"}],"about":[{"href":"https:\/\/burkinaonline.net\/index.php?rest_route=\/wp\/v2\/types\/post"}],"author":[{"embeddable":true,"href":"https:\/\/burkinaonline.net\/index.php?rest_route=\/wp\/v2\/users\/1"}],"replies":[{"embeddable":true,"href":"https:\/\/burkinaonline.net\/index.php?rest_route=%2Fwp%2Fv2%2Fcomments&post=8665"}],"version-history":[{"count":1,"href":"https:\/\/burkinaonline.net\/index.php?rest_route=\/wp\/v2\/posts\/8665\/revisions"}],"predecessor-version":[{"id":8667,"href":"https:\/\/burkinaonline.net\/index.php?rest_route=\/wp\/v2\/posts\/8665\/revisions\/8667"}],"wp:featuredmedia":[{"embeddable":true,"href":"https:\/\/burkinaonline.net\/index.php?rest_route=\/wp\/v2\/media\/8666"}],"wp:attachment":[{"href":"https:\/\/burkinaonline.net\/index.php?rest_route=%2Fwp%2Fv2%2Fmedia&parent=8665"}],"wp:term":[{"taxonomy":"category","embeddable":true,"href":"https:\/\/burkinaonline.net\/index.php?rest_route=%2Fwp%2Fv2%2Fcategories&post=8665"},{"taxonomy":"post_tag","embeddable":true,"href":"https:\/\/burkinaonline.net\/index.php?rest_route=%2Fwp%2Fv2%2Ftags&post=8665"}],"curies":[{"name":"wp","href":"https:\/\/api.w.org\/{rel}","templated":true}]}}