{"id":8668,"date":"2025-10-01T19:08:17","date_gmt":"2025-10-01T19:08:17","guid":{"rendered":"https:\/\/burkinaonline.net\/?p=8668"},"modified":"2025-10-01T19:16:52","modified_gmt":"2025-10-01T19:16:52","slug":"burkina-faso-cote-divoire-le-gouvernement-ivoirien-reagit-aux-accusations-despionnage","status":"publish","type":"post","link":"https:\/\/burkinaonline.net\/?p=8668","title":{"rendered":"Tensions diplomatiques  : Le gouvernement ivoirien r\u00e9agit aux accusations du Burkina Faso"},"content":{"rendered":"<p class=\"p1\"><span class=\"s1\">\u00c0 un mois de l\u2019\u00e9lection pr\u00e9sidentielle ivoirienne, les relations entre le Burkina Faso et la C\u00f4te d\u2019Ivoire sont de nouveau au centre de l\u2019actualit\u00e9. <\/span>Le pr\u00e9sident du Faso, le capitaine Ibrahim Traor\u00e9, a r\u00e9cemment accus\u00e9 la C\u00f4te d\u2019Ivoire d\u2019abriter \u00ab les ennemis du Burkina Faso \u00bb ; par ailleurs, six agents ivoiriens de la Daraa ont \u00e9t\u00e9 arr\u00eat\u00e9s sous l\u2019accusation d\u2019espionnage.<\/p>\n<p class=\"p1\"><span class=\"s1\">Interrog\u00e9 \u00e0 ce sujet, le porte-parole du gouvernement ivoirien a fermement r\u00e9fut\u00e9 ces accusations. Selon lui, les agents concern\u00e9s n\u2019effectuaient qu\u2019un travail administratif de recensement des r\u00e9fugi\u00e9s burkinab\u00e8 install\u00e9s en C\u00f4te d\u2019Ivoire. \u00ab La C\u00f4te d\u2019Ivoire accueille plus de 80 000 r\u00e9fugi\u00e9s ayant fui les violences dans certaines zones du Burkina Faso. Ces agents de la Daraa s\u2019assurent simplement que ces personnes b\u00e9n\u00e9ficient de l\u2019aide de l\u2019\u00c9tat ivoirien \u00bb, a-t-il expliqu\u00e9.<\/span><\/p>\n<p class=\"p1\"><span class=\"s1\">Le porte-parole a insist\u00e9 sur le caract\u00e8re strictement civil et humanitaire de ces missions : \u00ab Dire que ces fonctionnaires sont des espions rel\u00e8ve de fantasmes. Ce sont des civils qui exercent leurs fonctions pour le bien-\u00eatre des r\u00e9fugi\u00e9s \u00bb, a-t-il soulign\u00e9, rappelant que la C\u00f4te d\u2019Ivoire a une tradition d\u2019accueil pour les Africains en situation de d\u00e9placement.<\/span><\/p>\n<p class=\"p1\"><span class=\"s1\">Concernant l\u2019impact possible de ces tensions sur l\u2019\u00e9lection pr\u00e9sidentielle ivoirienne, le porte-parole a minimis\u00e9 les risques : \u00ab Non, pas sp\u00e9cialement. Il y a beaucoup de d\u00e9clarations, mais elles ne doivent pas d\u00e9tourner de l\u2019essentiel, c\u2019est-\u00e0-dire notre stabilit\u00e9 et notre devoir d\u2019hospitalit\u00e9 \u00bb.<\/span><\/p>\n<p class=\"p1\"><span class=\"s1\">Alors que les tensions diplomatiques se ravivent \u00e0 l\u2019approche de l\u2019\u00e9lection pr\u00e9sidentielle en C\u00f4te d\u2019Ivoire, il devient urgent que les dirigeants des deux pays privil\u00e9gient le dialogue et l\u2019apaisement. La C\u00f4te d\u2019Ivoire et le Burkina Faso partagent une histoire commune et des liens \u00e9conomiques et humains forts. Maintenir la paix et la coop\u00e9ration r\u00e9gionale est non seulement essentiel pour la stabilit\u00e9 des deux \u00c9tats, mais aussi pour le bien-\u00eatre des populations ivoiriennes vivant au Burkina Faso et des millions de Burkinab\u00e8 vivant en C\u00f4te d\u2019Ivoire.<\/span><\/p>\n<p class=\"p1\"><span class=\"s1\">Nak\u00e9 Alex <\/span><\/p>\n<p class=\"p1\"><span class=\"s1\">www.burkinaonline.net<\/span><\/p>\n","protected":false},"excerpt":{"rendered":"<p>\u00c0 un mois de l\u2019\u00e9lection pr\u00e9sidentielle ivoirienne, les relations entre le Burkina Faso et la&#8230;<\/p>\n","protected":false},"author":1,"featured_media":8669,"comment_status":"open","ping_status":"open","sticky":false,"template":"","format":"standard","meta":{"footnotes":""},"categories":[8,30,18,11,13],"tags":[],"class_list":["post-8668","post","type-post","status-publish","format-standard","has-post-thumbnail","hentry","category-post","category-aes","category-international","category-politique","category-societe"],"_links":{"self":[{"href":"https:\/\/burkinaonline.net\/index.php?rest_route=\/wp\/v2\/posts\/8668","targetHints":{"allow":["GET"]}}],"collection":[{"href":"https:\/\/burkinaonline.net\/index.php?rest_route=\/wp\/v2\/posts"}],"about":[{"href":"https:\/\/burkinaonline.net\/index.php?rest_route=\/wp\/v2\/types\/post"}],"author":[{"embeddable":true,"href":"https:\/\/burkinaonline.net\/index.php?rest_route=\/wp\/v2\/users\/1"}],"replies":[{"embeddable":true,"href":"https:\/\/burkinaonline.net\/index.php?rest_route=%2Fwp%2Fv2%2Fcomments&post=8668"}],"version-history":[{"count":5,"href":"https:\/\/burkinaonline.net\/index.php?rest_route=\/wp\/v2\/posts\/8668\/revisions"}],"predecessor-version":[{"id":8675,"href":"https:\/\/burkinaonline.net\/index.php?rest_route=\/wp\/v2\/posts\/8668\/revisions\/8675"}],"wp:featuredmedia":[{"embeddable":true,"href":"https:\/\/burkinaonline.net\/index.php?rest_route=\/wp\/v2\/media\/8669"}],"wp:attachment":[{"href":"https:\/\/burkinaonline.net\/index.php?rest_route=%2Fwp%2Fv2%2Fmedia&parent=8668"}],"wp:term":[{"taxonomy":"category","embeddable":true,"href":"https:\/\/burkinaonline.net\/index.php?rest_route=%2Fwp%2Fv2%2Fcategories&post=8668"},{"taxonomy":"post_tag","embeddable":true,"href":"https:\/\/burkinaonline.net\/index.php?rest_route=%2Fwp%2Fv2%2Ftags&post=8668"}],"curies":[{"name":"wp","href":"https:\/\/api.w.org\/{rel}","templated":true}]}}