{"id":8676,"date":"2025-10-02T10:29:15","date_gmt":"2025-10-02T10:29:15","guid":{"rendered":"https:\/\/burkinaonline.net\/?p=8676"},"modified":"2025-10-02T10:45:35","modified_gmt":"2025-10-02T10:45:35","slug":"presidentielle-ivoirienne-le-parti-de-laurent-gbagbo-appelle-la-communaute-internationale-a-faire-respecter-la-constitution","status":"publish","type":"post","link":"https:\/\/burkinaonline.net\/?p=8676","title":{"rendered":"Pr\u00e9sidentielle ivoirienne : le parti de Laurent Gbagbo appelle la communaut\u00e9 internationale \u00e0 \u00ab faire respecter \u00bb la Constitution"},"content":{"rendered":"<p class=\"p1\">\u00c0 l\u2019approche de l\u2019\u00e9lection pr\u00e9sidentielle pr\u00e9vue le 25 octobre 2025, le Parti des peuples africains &#8211; C\u00f4te d\u2019Ivoire (PPA-CI), formation politique de l\u2019ancien pr\u00e9sident Laurent Gbagbo, a adress\u00e9 une lettre de six pages \u00e0 plusieurs instances internationales. Le courrier, dont l\u2019Agence France-Presse a obtenu copie, est destin\u00e9 \u00e0 l\u2019Organisation des Nations unies (ONU), \u00e0 l\u2019Union africaine (UA), \u00e0 la Cour p\u00e9nale internationale (CPI), \u00e0 l\u2019Union europ\u00e9enne (UE) ainsi qu\u2019\u00e0 l\u2019Assembl\u00e9e nationale fran\u00e7aise.<\/p>\n<p class=\"p1\"><span class=\"s1\">Une demande explicite<\/span><\/p>\n<p class=\"p1\"><span class=\"s1\">Dans ce document, le PPA-CI appelle ces institutions \u00e0 l\u2019aider \u00e0 \u00ab faire respecter \u00bb la Constitution ivoirienne. Le parti y conteste fermement la candidature du pr\u00e9sident sortant, Alassane Ouattara, \u00e0 un quatri\u00e8me mandat. Selon le texte, la Constitution ivoirienne n\u2019autorise \u00ab ni trois, ni quatre mandats \u00bb, et la communaut\u00e9 internationale doit en tirer toutes les cons\u00e9quences.<\/span><\/p>\n<p class=\"p1\"><span class=\"s1\">Appel \u00e0 la clart\u00e9<\/span><\/p>\n<p class=\"p1\"><span class=\"s1\">La lettre insiste pour que les partenaires internationaux \u00ab clarifient leur position \u00bb sur cette candidature. \u00ab Ne pas \u00eatre clair serait un acte de complicit\u00e9 avec le r\u00e9gime d\u2019Alassane Ouattara \u00bb, avertit le parti, qui affirme que le peuple ivoirien \u00ab en tiendra compte \u00bb.<\/span><\/p>\n<p class=\"p1\"><span class=\"s1\">Une m\u00e9diation souhait\u00e9e<\/span><\/p>\n<p class=\"p1\"><span class=\"s1\">Le PPA-CI appelle \u00e9galement \u00e0 une m\u00e9diation internationale, sous l\u2019\u00e9gide de l\u2019ONU ou de l\u2019Union africaine, afin de \u00ab pr\u00e9venir une crise \u00e9lectorale \u00e0 haut risque \u00bb. Le parti estime que seule une implication ext\u00e9rieure peut \u00e9viter une nouvelle s\u00e9quence de tensions politiques et sociales.<\/span><\/p>\n<p class=\"p1\"><span class=\"s1\">R\u00e9actions attendues<\/span><\/p>\n<p class=\"p1\"><span class=\"s1\">Pour l\u2019heure, aucune des institutions destinataires n\u2019a officiellement r\u00e9agi \u00e0 cette interpellation. La lettre marque toutefois une nouvelle \u00e9tape dans la strat\u00e9gie du PPA-CI : internationaliser le d\u00e9bat sur la limitation des mandats pr\u00e9sidentiels et mettre la pression sur le r\u00e9gime en place \u00e0 quelques semaines d\u2019un scrutin d\u00e9cisif.<\/span><\/p>\n<p class=\"p1\"><span class=\"s1\">Gildas Kinda <\/span><\/p>\n<p class=\"p1\"><span class=\"s1\">www.burkinaonline.net<\/span><\/p>\n","protected":false},"excerpt":{"rendered":"<p>\u00c0 l\u2019approche de l\u2019\u00e9lection pr\u00e9sidentielle pr\u00e9vue le 25 octobre 2025, le Parti des peuples africains&#8230;<\/p>\n","protected":false},"author":1,"featured_media":0,"comment_status":"open","ping_status":"open","sticky":false,"template":"","format":"standard","meta":{"footnotes":""},"categories":[8],"tags":[],"class_list":["post-8676","post","type-post","status-publish","format-standard","hentry","category-post"],"_links":{"self":[{"href":"https:\/\/burkinaonline.net\/index.php?rest_route=\/wp\/v2\/posts\/8676","targetHints":{"allow":["GET"]}}],"collection":[{"href":"https:\/\/burkinaonline.net\/index.php?rest_route=\/wp\/v2\/posts"}],"about":[{"href":"https:\/\/burkinaonline.net\/index.php?rest_route=\/wp\/v2\/types\/post"}],"author":[{"embeddable":true,"href":"https:\/\/burkinaonline.net\/index.php?rest_route=\/wp\/v2\/users\/1"}],"replies":[{"embeddable":true,"href":"https:\/\/burkinaonline.net\/index.php?rest_route=%2Fwp%2Fv2%2Fcomments&post=8676"}],"version-history":[{"count":2,"href":"https:\/\/burkinaonline.net\/index.php?rest_route=\/wp\/v2\/posts\/8676\/revisions"}],"predecessor-version":[{"id":8679,"href":"https:\/\/burkinaonline.net\/index.php?rest_route=\/wp\/v2\/posts\/8676\/revisions\/8679"}],"wp:attachment":[{"href":"https:\/\/burkinaonline.net\/index.php?rest_route=%2Fwp%2Fv2%2Fmedia&parent=8676"}],"wp:term":[{"taxonomy":"category","embeddable":true,"href":"https:\/\/burkinaonline.net\/index.php?rest_route=%2Fwp%2Fv2%2Fcategories&post=8676"},{"taxonomy":"post_tag","embeddable":true,"href":"https:\/\/burkinaonline.net\/index.php?rest_route=%2Fwp%2Fv2%2Ftags&post=8676"}],"curies":[{"name":"wp","href":"https:\/\/api.w.org\/{rel}","templated":true}]}}