{"id":8680,"date":"2025-10-02T18:24:33","date_gmt":"2025-10-02T18:24:33","guid":{"rendered":"https:\/\/burkinaonline.net\/?p=8680"},"modified":"2025-10-02T18:28:01","modified_gmt":"2025-10-02T18:28:01","slug":"cote-divoire-loperation-esperance-pour-securiser-la-presidentielle-de-2025","status":"publish","type":"post","link":"https:\/\/burkinaonline.net\/?p=8680","title":{"rendered":"C\u00f4te d\u2019Ivoire : l\u2019op\u00e9ration \u00ab Esp\u00e9rance \u00bb pour s\u00e9curiser la pr\u00e9sidentielle de 2025"},"content":{"rendered":"<p class=\"p1\">\u00c0 quelques semaines du scrutin pr\u00e9sidentiel pr\u00e9vu le 25 octobre 2025, le gouvernement ivoirien a d\u00e9voil\u00e9 un vaste dispositif s\u00e9curitaire baptis\u00e9 \u00ab Op\u00e9ration Esp\u00e9rance \u00bb, destin\u00e9 \u00e0 garantir un d\u00e9roulement paisible et ordonn\u00e9 du vote.<\/p>\n<p class=\"p1\"><span class=\"s1\">Selon un communiqu\u00e9 publi\u00e9 \u00e0 l\u2019issue de la r\u00e9union du Conseil national de s\u00e9curit\u00e9 (CNS), ce dispositif mobilise 44 000 \u00e9l\u00e9ments des Forces de d\u00e9fense et de s\u00e9curit\u00e9 (FDS). Ils seront d\u00e9ploy\u00e9s sur l\u2019ensemble du territoire, \u00e0 travers des patrouilles mixtes p\u00e9destres et motoris\u00e9es, avec pour mission de pr\u00e9venir tout incident et de rassurer les populations.<\/span><\/p>\n<p class=\"p1\"><span class=\"s1\">Le communiqu\u00e9 pr\u00e9cise que, pour pr\u00e9parer cette mobilisation exceptionnelle, les FDS ont organis\u00e9 en septembre 2025 un exercice de simulation grandeur nature, notamment \u00e0 Yamoussoukro. L\u2019objectif \u00e9tait de tester la coordination des diff\u00e9rentes unit\u00e9s, d\u2019\u00e9valuer leur capacit\u00e9 de r\u00e9action et d\u2019anticiper d\u2019\u00e9ventuels sc\u00e9narios de crise. Le CNS s\u2019est f\u00e9licit\u00e9 du succ\u00e8s de cet exercice, saluant le professionnalisme et la discipline des forces engag\u00e9es.<\/span><\/p>\n<p class=\"p1\"><span class=\"s1\">En parall\u00e8le, le gouvernement a donn\u00e9 des instructions fermes aux minist\u00e8res de la Justice et de la S\u00e9curit\u00e9 pour prendre toutes les mesures n\u00e9cessaires au maintien de l\u2019ordre. Ces directives incluent la pr\u00e9vention et l\u2019interdiction des manifestations ill\u00e9gales, conform\u00e9ment \u00e0 la l\u00e9gislation en vigueur.<\/span><\/p>\n<p class=\"p1\"><span class=\"s1\">Ce dispositif, d\u00e9crit par la presse comme \u00ab XXL \u00bb, traduit la volont\u00e9 des autorit\u00e9s de r\u00e9duire au maximum les risques de tensions lors de ce scrutin sensible. Plusieurs organisations de la soci\u00e9t\u00e9 civile ont, toutefois, appel\u00e9 \u00e0 ce que le respect de l\u2019ordre public s\u2019accompagne de la garantie des libert\u00e9s fondamentales, afin de pr\u00e9server un climat \u00e9lectoral apais\u00e9.<\/span><\/p>\n<p class=\"p1\"><span class=\"s1\">L\u2019op\u00e9ration Esp\u00e9rance appara\u00eet ainsi comme l\u2019ossature de la strat\u00e9gie s\u00e9curitaire ivoirienne, combinant fermet\u00e9 et anticipation, dans un contexte politique o\u00f9 la stabilit\u00e9 reste un enjeu majeur.<\/span><\/p>\n<p>Gildas Kinda<\/p>\n<p class=\"p1\"><span class=\"s2\">www.burkinaonline.net<\/span><\/p>\n","protected":false},"excerpt":{"rendered":"<p>\u00c0 quelques semaines du scrutin pr\u00e9sidentiel pr\u00e9vu le 25 octobre 2025, le gouvernement ivoirien a&#8230;<\/p>\n","protected":false},"author":1,"featured_media":8681,"comment_status":"open","ping_status":"open","sticky":false,"template":"","format":"standard","meta":{"footnotes":""},"categories":[8,18,11,13],"tags":[],"class_list":["post-8680","post","type-post","status-publish","format-standard","has-post-thumbnail","hentry","category-post","category-international","category-politique","category-societe"],"_links":{"self":[{"href":"https:\/\/burkinaonline.net\/index.php?rest_route=\/wp\/v2\/posts\/8680","targetHints":{"allow":["GET"]}}],"collection":[{"href":"https:\/\/burkinaonline.net\/index.php?rest_route=\/wp\/v2\/posts"}],"about":[{"href":"https:\/\/burkinaonline.net\/index.php?rest_route=\/wp\/v2\/types\/post"}],"author":[{"embeddable":true,"href":"https:\/\/burkinaonline.net\/index.php?rest_route=\/wp\/v2\/users\/1"}],"replies":[{"embeddable":true,"href":"https:\/\/burkinaonline.net\/index.php?rest_route=%2Fwp%2Fv2%2Fcomments&post=8680"}],"version-history":[{"count":2,"href":"https:\/\/burkinaonline.net\/index.php?rest_route=\/wp\/v2\/posts\/8680\/revisions"}],"predecessor-version":[{"id":8685,"href":"https:\/\/burkinaonline.net\/index.php?rest_route=\/wp\/v2\/posts\/8680\/revisions\/8685"}],"wp:featuredmedia":[{"embeddable":true,"href":"https:\/\/burkinaonline.net\/index.php?rest_route=\/wp\/v2\/media\/8681"}],"wp:attachment":[{"href":"https:\/\/burkinaonline.net\/index.php?rest_route=%2Fwp%2Fv2%2Fmedia&parent=8680"}],"wp:term":[{"taxonomy":"category","embeddable":true,"href":"https:\/\/burkinaonline.net\/index.php?rest_route=%2Fwp%2Fv2%2Fcategories&post=8680"},{"taxonomy":"post_tag","embeddable":true,"href":"https:\/\/burkinaonline.net\/index.php?rest_route=%2Fwp%2Fv2%2Ftags&post=8680"}],"curies":[{"name":"wp","href":"https:\/\/api.w.org\/{rel}","templated":true}]}}