{"id":8696,"date":"2025-10-06T17:32:48","date_gmt":"2025-10-06T17:32:48","guid":{"rendered":"https:\/\/burkinaonline.net\/?p=8696"},"modified":"2025-10-06T17:32:48","modified_gmt":"2025-10-06T17:32:48","slug":"%f0%9f%87%a7%f0%9f%87%ab-le-burkina-faso-prend-la-tete-du-conseil-des-ministres-statutaire-de-luemoa","status":"publish","type":"post","link":"https:\/\/burkinaonline.net\/?p=8696","title":{"rendered":"\ud83c\udde7\ud83c\uddeb Le Burkina Faso prend la t\u00eate du Conseil des ministres statutaire de l\u2019UEMOA"},"content":{"rendered":"<p class=\"p1\">Le ministre burkinab\u00e8 de l\u2019\u00c9conomie et des Finances, Aboubakar Nacanabo, a \u00e9t\u00e9 d\u00e9sign\u00e9 pr\u00e9sident du Conseil des ministres statutaire de l\u2019Union \u00e9conomique et mon\u00e9taire ouest-africaine (UEMOA).<\/p>\n<p class=\"p1\"><span class=\"s2\">La d\u00e9signation est intervenue le 6 octobre 2025, \u00e0 l\u2019issue de la 3\u1d49 session ordinaire du Conseil, tenue au si\u00e8ge de la BCEAO \u00e0 Dakar, selon une annonce officielle de l\u2019institution.<\/span><\/p>\n<p class=\"p1\"><span class=\"s2\">Cette nomination consacre le retour du Burkina Faso \u00e0 la t\u00eate d\u2019une instance majeure de l\u2019Union, et traduit la reconnaissance du r\u00f4le actif du pays dans la consolidation de la stabilit\u00e9 \u00e9conomique r\u00e9gionale.<\/span><\/p>\n<p class=\"p1\"><span class=\"s2\">M. Nacanabo succ\u00e8de \u00e0 Adama Coulibaly, ministre ivoirien de l\u2019\u00c9conomie et des Finances, conform\u00e9ment au principe de pr\u00e9sidence tournante entre les huit \u00c9tats membres.<\/span><\/p>\n<p class=\"p1\"><span class=\"s1\">\ud83d\udcd8<\/span><span class=\"s2\"> Le r\u00f4le du pr\u00e9sident du Conseil des ministres statutaire<\/span><\/p>\n<p class=\"p1\"><span class=\"s2\">Le Conseil des ministres statutaire est l\u2019un des principaux organes de d\u00e9cision de l\u2019UEMOA. Il veille \u00e0 la mise en \u0153uvre des politiques \u00e9conomiques et financi\u00e8res communes, adopte les r\u00e8glements et directives communautaires, et supervise le fonctionnement des institutions de l\u2019Union, notamment la BCEAO et la Commission de l\u2019UEMOA.<\/span><\/p>\n<p class=\"p1\"><span class=\"s2\">Le pr\u00e9sident du Conseil assure la coordination des travaux, repr\u00e9sente le Conseil aupr\u00e8s des autres organes et veille \u00e0 la coh\u00e9rence des d\u00e9cisions prises pour favoriser l\u2019int\u00e9gration \u00e9conomique et la convergence des politiques nationales.<\/span><\/p>\n<p class=\"p1\"><span class=\"s2\">Lors de cette session, les ministres ont examin\u00e9 la situation macro\u00e9conomique de l\u2019Union, salu\u00e9 la r\u00e9silience des \u00e9conomies ouest-africaines et adopt\u00e9 de nouvelles orientations budg\u00e9taires pour 2026.<\/span><\/p>\n<p class=\"p1\"><span class=\"s2\">En acc\u00e9dant \u00e0 cette pr\u00e9sidence, le Burkina Faso prend la t\u00eate du Conseil des ministres de l\u2019UEMOA pour un mandat marqu\u00e9 par des d\u00e9fis \u00e9conomiques mais aussi par l\u2019espoir d\u2019un renforcement de la solidarit\u00e9 et de la coop\u00e9ration r\u00e9gionale.<\/span><\/p>\n<p>Gildas Kinda<\/p>\n<p>www. Burkinaonline.net<\/p>\n","protected":false},"excerpt":{"rendered":"<p>Le ministre burkinab\u00e8 de l\u2019\u00c9conomie et des Finances, Aboubakar Nacanabo, a \u00e9t\u00e9 d\u00e9sign\u00e9 pr\u00e9sident du&#8230;<\/p>\n","protected":false},"author":1,"featured_media":8697,"comment_status":"open","ping_status":"open","sticky":false,"template":"","format":"standard","meta":{"footnotes":""},"categories":[8,10,15],"tags":[],"class_list":["post-8696","post","type-post","status-publish","format-standard","has-post-thumbnail","hentry","category-post","category-burkina-faso","category-economie"],"_links":{"self":[{"href":"https:\/\/burkinaonline.net\/index.php?rest_route=\/wp\/v2\/posts\/8696","targetHints":{"allow":["GET"]}}],"collection":[{"href":"https:\/\/burkinaonline.net\/index.php?rest_route=\/wp\/v2\/posts"}],"about":[{"href":"https:\/\/burkinaonline.net\/index.php?rest_route=\/wp\/v2\/types\/post"}],"author":[{"embeddable":true,"href":"https:\/\/burkinaonline.net\/index.php?rest_route=\/wp\/v2\/users\/1"}],"replies":[{"embeddable":true,"href":"https:\/\/burkinaonline.net\/index.php?rest_route=%2Fwp%2Fv2%2Fcomments&post=8696"}],"version-history":[{"count":1,"href":"https:\/\/burkinaonline.net\/index.php?rest_route=\/wp\/v2\/posts\/8696\/revisions"}],"predecessor-version":[{"id":8698,"href":"https:\/\/burkinaonline.net\/index.php?rest_route=\/wp\/v2\/posts\/8696\/revisions\/8698"}],"wp:featuredmedia":[{"embeddable":true,"href":"https:\/\/burkinaonline.net\/index.php?rest_route=\/wp\/v2\/media\/8697"}],"wp:attachment":[{"href":"https:\/\/burkinaonline.net\/index.php?rest_route=%2Fwp%2Fv2%2Fmedia&parent=8696"}],"wp:term":[{"taxonomy":"category","embeddable":true,"href":"https:\/\/burkinaonline.net\/index.php?rest_route=%2Fwp%2Fv2%2Fcategories&post=8696"},{"taxonomy":"post_tag","embeddable":true,"href":"https:\/\/burkinaonline.net\/index.php?rest_route=%2Fwp%2Fv2%2Ftags&post=8696"}],"curies":[{"name":"wp","href":"https:\/\/api.w.org\/{rel}","templated":true}]}}