{"id":8699,"date":"2025-10-06T17:49:39","date_gmt":"2025-10-06T17:49:39","guid":{"rendered":"https:\/\/burkinaonline.net\/?p=8699"},"modified":"2025-10-06T17:49:39","modified_gmt":"2025-10-06T17:49:39","slug":"%f0%9f%94%b4-burkina-faso-le-capitaine-ibrahim-traore-appelle-a-rompre-avec-les-medias-imperialistes","status":"publish","type":"post","link":"https:\/\/burkinaonline.net\/?p=8699","title":{"rendered":"\ud83d\udd34 Burkina Faso : le Capitaine Ibrahim Traor\u00e9 appelle \u00e0 rompre avec les m\u00e9dias imp\u00e9rialistes"},"content":{"rendered":"<p class=\"p2\"><span class=\"s1\">Lors de la c\u00e9r\u00e9monie de mont\u00e9e des couleurs, ce lundi 6 octobre 2025 \u00e0 Ouagadougou, le pr\u00e9sident du Faso, le Capitaine Ibrahim Traor\u00e9, a exhort\u00e9 les Africains \u00e0 se d\u00e9tacher des m\u00e9dias imp\u00e9rialistes. Selon lui, certains contenus diffus\u00e9s par ces m\u00e9dias seraient contraires aux int\u00e9r\u00eats du continent.<\/span><\/p>\n<p class=\"p2\"><span class=\"s1\">Le chef de l\u2019\u00c9tat a soulign\u00e9 que plusieurs de ces m\u00e9dias b\u00e9n\u00e9ficient d\u2019un soutien financier direct ou indirect, notamment \u00e0 travers des participations au capital ou des abonnements pay\u00e9s par des institutions publiques africaines.<\/span><\/p>\n<p class=\"p3\"><span class=\"s1\">\u00ab Nous devons cesser de financer ceux qui nous combattent par le narratif. Les soci\u00e9t\u00e9s d\u2019\u00c9tat doivent se retirer du capital de ces m\u00e9dias, et les minist\u00e8res doivent r\u00e9silier tout contrat d\u2019abonnement \u00bb, a-t-il d\u00e9clar\u00e9.<\/span><\/p>\n<p class=\"p3\"><span class=\"s1\">Le pr\u00e9sident Traor\u00e9 a ainsi appel\u00e9 \u00e0 une r\u00e9vision des relations financi\u00e8res entre les institutions africaines et ces m\u00e9dias, sans pr\u00e9ciser de calendrier ou de mesures concr\u00e8tes.<\/span><\/p>\n<p class=\"p3\"><span class=\"s1\">Cette d\u00e9claration s\u2019inscrit dans la continuit\u00e9 des prises de position du pr\u00e9sident burkinab\u00e8 sur la souverainet\u00e9 et l\u2019ind\u00e9pendance du continent, notamment en mati\u00e8re \u00e9conomique et s\u00e9curitaire.<\/span><\/p>\n<p>Nak\u00e9 Alex<\/p>\n<p>www.burkinaonline.net<\/p>\n","protected":false},"excerpt":{"rendered":"<p>Lors de la c\u00e9r\u00e9monie de mont\u00e9e des couleurs, ce lundi 6 octobre 2025 \u00e0 Ouagadougou,&#8230;<\/p>\n","protected":false},"author":1,"featured_media":8700,"comment_status":"open","ping_status":"open","sticky":false,"template":"","format":"standard","meta":{"footnotes":""},"categories":[8,10,11],"tags":[],"class_list":["post-8699","post","type-post","status-publish","format-standard","has-post-thumbnail","hentry","category-post","category-burkina-faso","category-politique"],"_links":{"self":[{"href":"https:\/\/burkinaonline.net\/index.php?rest_route=\/wp\/v2\/posts\/8699","targetHints":{"allow":["GET"]}}],"collection":[{"href":"https:\/\/burkinaonline.net\/index.php?rest_route=\/wp\/v2\/posts"}],"about":[{"href":"https:\/\/burkinaonline.net\/index.php?rest_route=\/wp\/v2\/types\/post"}],"author":[{"embeddable":true,"href":"https:\/\/burkinaonline.net\/index.php?rest_route=\/wp\/v2\/users\/1"}],"replies":[{"embeddable":true,"href":"https:\/\/burkinaonline.net\/index.php?rest_route=%2Fwp%2Fv2%2Fcomments&post=8699"}],"version-history":[{"count":1,"href":"https:\/\/burkinaonline.net\/index.php?rest_route=\/wp\/v2\/posts\/8699\/revisions"}],"predecessor-version":[{"id":8701,"href":"https:\/\/burkinaonline.net\/index.php?rest_route=\/wp\/v2\/posts\/8699\/revisions\/8701"}],"wp:featuredmedia":[{"embeddable":true,"href":"https:\/\/burkinaonline.net\/index.php?rest_route=\/wp\/v2\/media\/8700"}],"wp:attachment":[{"href":"https:\/\/burkinaonline.net\/index.php?rest_route=%2Fwp%2Fv2%2Fmedia&parent=8699"}],"wp:term":[{"taxonomy":"category","embeddable":true,"href":"https:\/\/burkinaonline.net\/index.php?rest_route=%2Fwp%2Fv2%2Fcategories&post=8699"},{"taxonomy":"post_tag","embeddable":true,"href":"https:\/\/burkinaonline.net\/index.php?rest_route=%2Fwp%2Fv2%2Ftags&post=8699"}],"curies":[{"name":"wp","href":"https:\/\/api.w.org\/{rel}","templated":true}]}}