{"id":8706,"date":"2025-10-07T17:10:34","date_gmt":"2025-10-07T17:10:34","guid":{"rendered":"https:\/\/burkinaonline.net\/?p=8706"},"modified":"2025-10-07T17:10:34","modified_gmt":"2025-10-07T17:10:34","slug":"burkinafaso-long-internationale-inso-prise-en-flagrant-delit-despionnage","status":"publish","type":"post","link":"https:\/\/burkinaonline.net\/?p=8706","title":{"rendered":"BurkinaFaso  :  l\u2019ONG internationale INSO prise en flagrant d\u00e9lit d\u2019espionnage"},"content":{"rendered":"<p class=\"p1\"><span class=\"s1\">Ouagadougou, 7 octobre 2025 \u2013 Le ministre de la S\u00e9curit\u00e9, Mahamadou Sana, a annonc\u00e9, ce mardi, l\u2019arrestation de plusieurs membres d\u2019une ONG internationale accus\u00e9e d\u2019espionnage et de trahison, pour avoir collect\u00e9 des informations sensibles sur les forces de d\u00e9fense et de s\u00e9curit\u00e9 burkinab\u00e8.<\/span><\/p>\n<p class=\"p1\"><span class=\"s1\">Une ONG sous surveillance<\/span><\/p>\n<p class=\"p1\"><span class=\"s1\">Selon Mahamadou Sana, les services de renseignement burkinab\u00e8 suivaient depuis un certain temps les activit\u00e9s de l\u2019organisation International NGO Safety Organisation (INSO), bas\u00e9e \u00e0 La Haye (Pays-Bas) et pr\u00e9sente au Burkina Faso depuis 2019. Initialement, son r\u00f4le \u00e9tait limit\u00e9 \u00e0 la formation des ONG humanitaires en mati\u00e8re de s\u00e9curit\u00e9, conform\u00e9ment \u00e0 la convention d\u2019\u00e9tablissement n\u00b0057-2019\/MINEFID\/INSO.<\/span><\/p>\n<p class=\"p1\"><span class=\"s1\">Cependant, le ministre affirme que l\u2019ONG a outrepass\u00e9 son mandat en collectant syst\u00e9matiquement des informations sensibles sur les activit\u00e9s s\u00e9curitaires, politiques et administratives du pays.<\/span><\/p>\n<p class=\"p1\"><span class=\"s1\">Des pratiques jug\u00e9es alarmantes<\/span><\/p>\n<p class=\"p1\"><span class=\"s1\">Les investigations ont r\u00e9v\u00e9l\u00e9 que INSO recueillait des donn\u00e9es sur :<\/span><\/p>\n<p class=\"p3\"><span class=\"s1\"> \u2022 Les itin\u00e9raires et mouvements des convois militaires et de ravitaillement.<\/span><\/p>\n<p class=\"p3\"><span class=\"s1\"> \u2022 La composition des forces d\u00e9ploy\u00e9es, le nombre d\u2019\u00e9l\u00e9ments, v\u00e9hicules, armes lourdes et motos.<\/span><\/p>\n<p class=\"p3\"><span class=\"s1\"> \u2022 Les positions des unit\u00e9s et interventions des Forces de d\u00e9fense et de s\u00e9curit\u00e9 (FDS) et des Volontaires pour la D\u00e9fense de la Patrie (VDP).<\/span><\/p>\n<p class=\"p3\"><span class=\"s1\"> \u2022 Les zones d\u2019accrochage avec les groupes terroristes, les sites d\u2019explosion d\u2019engins explosifs improvis\u00e9s (EEI) et le comptage des victimes.<\/span><\/p>\n<p class=\"p3\"><span class=\"s1\"> \u2022 Les mouvements des groupes arm\u00e9s et les exactions contre les populations.<\/span><\/p>\n<p class=\"p3\"><span class=\"s1\">L\u2019ONG aurait \u00e9galement collect\u00e9 des informations sur le fonctionnement des d\u00e9l\u00e9gations sp\u00e9ciales, les accidents de circulation et les activit\u00e9s de s\u00e9curit\u00e9, \u00e9tendant ses op\u00e9rations jusqu\u2019au Mali.<\/span><\/p>\n<p class=\"p1\"><span class=\"s1\">Des responsables interpell\u00e9s<\/span><\/p>\n<p class=\"p1\"><span class=\"s1\">Le directeur pays de INSO, Jean Christophe \u00c9mile Pegon (Fran\u00e7ais), et sa directrice adjointe, Mme Guiss\u00e9 Aminata Marianne (Franco-S\u00e9n\u00e9galaise), ont \u00e9t\u00e9 interpell\u00e9s. Ils ont reconnu avoir donn\u00e9 des consignes pour collecter des informations sensibles, mais n\u2019ont pas pr\u00e9cis\u00e9 l\u2019usage final de ces donn\u00e9es, stock\u00e9es \u00e0 l\u2019\u00e9tranger.<\/span><\/p>\n<p class=\"p1\"><span class=\"s1\">Le ministre a pr\u00e9cis\u00e9 que l\u2019ONG recrutait des nationaux, dont d\u2019anciens membres des FDS, pour analyser les donn\u00e9es, organiser la collecte et assurer la liaison avec des relais communautaires dans les zones \u00e0 d\u00e9fis s\u00e9curitaires.<\/span><\/p>\n<p class=\"p1\"><span class=\"s1\">Suspension des activit\u00e9s et nouvelles interpellations<\/span><\/p>\n<p class=\"p1\"><span class=\"s1\">Face \u00e0 la gravit\u00e9 des faits, le minist\u00e8re de la S\u00e9curit\u00e9 a suspendu toutes les activit\u00e9s de l\u2019ONG par l\u2019arr\u00eat\u00e9 n\u00b02025-EE0241\/MATM\/SG\/DGAT\/DSOAP du 31 juillet 2025. Malgr\u00e9 cette suspension, certains responsables ont continu\u00e9 \u00e0 organiser des collectes d\u2019informations.<\/span><\/p>\n<p class=\"p1\"><span class=\"s1\">Sept autres personnes ont \u00e9t\u00e9 interpell\u00e9es, dont :<\/span><\/p>\n<p class=\"p3\"><span class=\"s1\"> \u2022 Mme Guiss\u00e9 Aminata Marianne (directrice adjointe)<\/span><\/p>\n<p class=\"p3\"><span class=\"s1\"> \u2022 M. Muzil Thomas (directeur des programmes, Tch\u00e8que)<\/span><\/p>\n<p class=\"p3\"><span class=\"s1\"> \u2022 Un Malien et quatre Burkinab\u00e8<\/span><\/p>\n<p class=\"p3\"><span class=\"s1\">Ces personnes seront traduites devant le procureur du Faso pour espionnage et trahison, conform\u00e9ment \u00e0 l\u2019article 311-4 du code p\u00e9nal burkinab\u00e8.<\/span><\/p>\n<p class=\"p1\"><span class=\"s1\">Appel \u00e0 la vigilance<\/span><\/p>\n<p class=\"p1\"><span class=\"s1\">Le ministre Mahamadou Sana a salu\u00e9 la collaboration citoyenne et rappel\u00e9 l\u2019importance du patriotisme. Il a exhort\u00e9 les ONG et associations \u00e0 respecter leurs engagements envers l\u2019\u00c9tat et les Burkinab\u00e8 \u00e0 d\u00e9noncer toute activit\u00e9 suspecte mena\u00e7ant la s\u00e9curit\u00e9 nationale et la paix durable.<\/span><\/p>\n<p>Gildas Kinda<\/p>\n<p>www.burkinaonline.net<\/p>\n","protected":false},"excerpt":{"rendered":"<p>Ouagadougou, 7 octobre 2025 \u2013 Le ministre de la S\u00e9curit\u00e9, Mahamadou Sana, a annonc\u00e9, ce&#8230;<\/p>\n","protected":false},"author":1,"featured_media":8707,"comment_status":"open","ping_status":"open","sticky":false,"template":"","format":"standard","meta":{"footnotes":""},"categories":[8,10,18,16],"tags":[],"class_list":["post-8706","post","type-post","status-publish","format-standard","has-post-thumbnail","hentry","category-post","category-burkina-faso","category-international","category-sport"],"_links":{"self":[{"href":"https:\/\/burkinaonline.net\/index.php?rest_route=\/wp\/v2\/posts\/8706","targetHints":{"allow":["GET"]}}],"collection":[{"href":"https:\/\/burkinaonline.net\/index.php?rest_route=\/wp\/v2\/posts"}],"about":[{"href":"https:\/\/burkinaonline.net\/index.php?rest_route=\/wp\/v2\/types\/post"}],"author":[{"embeddable":true,"href":"https:\/\/burkinaonline.net\/index.php?rest_route=\/wp\/v2\/users\/1"}],"replies":[{"embeddable":true,"href":"https:\/\/burkinaonline.net\/index.php?rest_route=%2Fwp%2Fv2%2Fcomments&post=8706"}],"version-history":[{"count":1,"href":"https:\/\/burkinaonline.net\/index.php?rest_route=\/wp\/v2\/posts\/8706\/revisions"}],"predecessor-version":[{"id":8708,"href":"https:\/\/burkinaonline.net\/index.php?rest_route=\/wp\/v2\/posts\/8706\/revisions\/8708"}],"wp:featuredmedia":[{"embeddable":true,"href":"https:\/\/burkinaonline.net\/index.php?rest_route=\/wp\/v2\/media\/8707"}],"wp:attachment":[{"href":"https:\/\/burkinaonline.net\/index.php?rest_route=%2Fwp%2Fv2%2Fmedia&parent=8706"}],"wp:term":[{"taxonomy":"category","embeddable":true,"href":"https:\/\/burkinaonline.net\/index.php?rest_route=%2Fwp%2Fv2%2Fcategories&post=8706"},{"taxonomy":"post_tag","embeddable":true,"href":"https:\/\/burkinaonline.net\/index.php?rest_route=%2Fwp%2Fv2%2Ftags&post=8706"}],"curies":[{"name":"wp","href":"https:\/\/api.w.org\/{rel}","templated":true}]}}