{"id":8709,"date":"2025-10-08T09:26:15","date_gmt":"2025-10-08T09:26:15","guid":{"rendered":"https:\/\/burkinaonline.net\/?p=8709"},"modified":"2025-10-08T09:30:53","modified_gmt":"2025-10-08T09:30:53","slug":"tension_diplomatique-le-ministre-sana-recadre-le-porte-parole-du-gouvernement-ivoirien","status":"publish","type":"post","link":"https:\/\/burkinaonline.net\/?p=8709","title":{"rendered":"#Tension_diplomatique : Le ministre Sana recadre le porte-parole du gouvernement ivoirien"},"content":{"rendered":"<p class=\"p1\">La derni\u00e8re sortie du ministre burkinab\u00e8 de la S\u00e9curit\u00e9, Mahamadou Sana, n\u2019est pas pass\u00e9e inaper\u00e7ue. Dans un ton \u00e0 la fois ferme et p\u00e9dagogique, il a tenu \u00e0 recadrer certaines d\u00e9clarations venant du ministre porte-parole du gouvernement ivoirien, qui semblait confondre activit\u00e9 militaire et activit\u00e9 d\u2019espionnage.<\/p>\n<p class=\"p1\"><span class=\"s1\">Le ministre Sana a rappel\u00e9 qu\u2019il existe une distinction fondamentale entre ces deux notions. Une activit\u00e9 militaire peut certes aboutir \u00e0 des op\u00e9rations d\u2019espionnage, mais l\u2019inverse n\u2019est pas toujours vrai. \u00ab Toute activit\u00e9 d\u2019espionnage n\u2019est pas une activit\u00e9 militaire \u00bb, a-t-il soulign\u00e9, avant d\u2019ajouter que \u00ab l\u2019espionnage peut \u00eatre men\u00e9 par des civils, selon le milieu identifi\u00e9 par celui qui a commandit\u00e9 l\u2019action \u00bb.<\/span><\/p>\n<p><a href=\"http:\/\/burkinaonline.net\/wp-content\/uploads\/2025\/10\/IMG_0934.jpeg\"><img fetchpriority=\"high\" decoding=\"async\" class=\"size-medium wp-image-8711 alignnone\" src=\"http:\/\/burkinaonline.net\/wp-content\/uploads\/2025\/10\/IMG_0934-300x200.jpeg\" alt=\"\" width=\"300\" height=\"200\" srcset=\"https:\/\/burkinaonline.net\/wp-content\/uploads\/2025\/10\/IMG_0934-300x200.jpeg 300w, https:\/\/burkinaonline.net\/wp-content\/uploads\/2025\/10\/IMG_0934.jpeg 576w\" sizes=\"(max-width: 300px) 100vw, 300px\" \/><\/a><\/p>\n<p class=\"p1\"><span class=\"s1\">Par cette sortie, le ministre burkinab\u00e8 envoie un message clair : il faut savoir de quoi l\u2019on parle avant de se prononcer sur des sujets aussi sensibles. \u00ab Quand on ne ma\u00eetrise pas un domaine, le silence reste la meilleure attitude \u00bb, a-t-il lanc\u00e9, en guise de le\u00e7on diplomatique.<\/span><\/p>\n<p>Au-del\u00e0 de la pol\u00e9mique, cette mise au point du ministre Sana a le m\u00e9rite de rappeler une r\u00e9alit\u00e9 souvent m\u00e9connue : dans le monde, la majorit\u00e9 des op\u00e9rations d\u2019espionnage sont conduites par des civils. Les services de renseignement modernes privil\u00e9gient en effet des profils issus de la diplomatie, du journalisme, des affaires ou m\u00eame des organisations internationales, capables d\u2019agir discr\u00e8tement dans des environnements vari\u00e9s. Loin des clich\u00e9s des films d\u2019action, l\u2019espion d\u2019aujourd\u2019hui n\u2019est pas toujours un militaire arm\u00e9, mais bien souvent un civil dot\u00e9 d\u2019une mission pr\u00e9cise : collecter l\u2019information strat\u00e9gique sans attirer l\u2019attention.<\/p>\n<p class=\"p1\"><span class=\"s1\">Gildas Kinda<\/span><\/p>\n<p class=\"p1\"><span class=\"s1\">#BurkinaOnline <\/span><\/p>\n","protected":false},"excerpt":{"rendered":"<p>La derni\u00e8re sortie du ministre burkinab\u00e8 de la S\u00e9curit\u00e9, Mahamadou Sana, n\u2019est pas pass\u00e9e inaper\u00e7ue&#8230;.<\/p>\n","protected":false},"author":1,"featured_media":8710,"comment_status":"open","ping_status":"open","sticky":false,"template":"","format":"standard","meta":{"footnotes":""},"categories":[8,10,11],"tags":[],"class_list":["post-8709","post","type-post","status-publish","format-standard","has-post-thumbnail","hentry","category-post","category-burkina-faso","category-politique"],"_links":{"self":[{"href":"https:\/\/burkinaonline.net\/index.php?rest_route=\/wp\/v2\/posts\/8709","targetHints":{"allow":["GET"]}}],"collection":[{"href":"https:\/\/burkinaonline.net\/index.php?rest_route=\/wp\/v2\/posts"}],"about":[{"href":"https:\/\/burkinaonline.net\/index.php?rest_route=\/wp\/v2\/types\/post"}],"author":[{"embeddable":true,"href":"https:\/\/burkinaonline.net\/index.php?rest_route=\/wp\/v2\/users\/1"}],"replies":[{"embeddable":true,"href":"https:\/\/burkinaonline.net\/index.php?rest_route=%2Fwp%2Fv2%2Fcomments&post=8709"}],"version-history":[{"count":3,"href":"https:\/\/burkinaonline.net\/index.php?rest_route=\/wp\/v2\/posts\/8709\/revisions"}],"predecessor-version":[{"id":8714,"href":"https:\/\/burkinaonline.net\/index.php?rest_route=\/wp\/v2\/posts\/8709\/revisions\/8714"}],"wp:featuredmedia":[{"embeddable":true,"href":"https:\/\/burkinaonline.net\/index.php?rest_route=\/wp\/v2\/media\/8710"}],"wp:attachment":[{"href":"https:\/\/burkinaonline.net\/index.php?rest_route=%2Fwp%2Fv2%2Fmedia&parent=8709"}],"wp:term":[{"taxonomy":"category","embeddable":true,"href":"https:\/\/burkinaonline.net\/index.php?rest_route=%2Fwp%2Fv2%2Fcategories&post=8709"},{"taxonomy":"post_tag","embeddable":true,"href":"https:\/\/burkinaonline.net\/index.php?rest_route=%2Fwp%2Fv2%2Ftags&post=8709"}],"curies":[{"name":"wp","href":"https:\/\/api.w.org\/{rel}","templated":true}]}}